

{"id":4284,"date":"2020-08-29T20:29:25","date_gmt":"2020-08-29T18:29:25","guid":{"rendered":"https:\/\/gothein.de\/reiseblog\/?p=4284"},"modified":"2020-08-30T08:53:59","modified_gmt":"2020-08-30T06:53:59","slug":"eine-kleine-tour-durch-den-odenwald","status":"publish","type":"post","link":"https:\/\/gothein.de\/reiseblog\/2020\/08\/29\/eine-kleine-tour-durch-den-odenwald\/","title":{"rendered":"Eine kleine Tour durch den Odenwald"},"content":{"rendered":"\n<p>Eigentlich ist diese Tour nicht der Rede wert. Nur 78 km mit gut 1000 H\u00f6henmetern. Erstmal eine ganze Strecke \u00fcber die Ebene, bei Ladenburg den Neckar \u00fcberquert und dann bei Hohensachsen die alte Stra\u00dfe nach Oberflockenbach hoch. Erfreulicherweise ist wenig los auf der Stra\u00dfe und trotz einiger Wolken h\u00e4lt sich das Wetter bei angenehmen Temperaturen.<\/p>\n\n\n\n<p>Wie gesagt eigentlich nicht der Rede wert und damit eigentlich kein Grund zur Ver\u00f6ffentlichung. Aber ich habe ein neues iPad und damit muss ich nat\u00fcrlich testen ob alle Abl\u00e4ufe auch genauso funktionieren. Grunds\u00e4tzlich muss man sagen ist das schon eine ziemlich angenehme Erfahrung. Insbesondere mit der neuen Tastatur zu schreiben funktioniert so gut, dass man am liebsten gleich alles damit schreiben m\u00f6chte.<\/p>\n\n\n\n<figure class=\"wp-block-image size-large\"><img loading=\"lazy\" decoding=\"async\" width=\"2560\" height=\"1731\" src=\"https:\/\/gothein.de\/reiseblog\/wp-content\/uploads\/2020\/08\/20200823_190031-scaled.jpg\" alt=\"\" class=\"wp-image-4288\" srcset=\"https:\/\/gothein.de\/reiseblog\/wp-content\/uploads\/2020\/08\/20200823_190031-scaled.jpg 2560w, https:\/\/gothein.de\/reiseblog\/wp-content\/uploads\/2020\/08\/20200823_190031-300x203.jpg 300w, https:\/\/gothein.de\/reiseblog\/wp-content\/uploads\/2020\/08\/20200823_190031-1024x692.jpg 1024w, https:\/\/gothein.de\/reiseblog\/wp-content\/uploads\/2020\/08\/20200823_190031-768x519.jpg 768w, https:\/\/gothein.de\/reiseblog\/wp-content\/uploads\/2020\/08\/20200823_190031-1536x1039.jpg 1536w, https:\/\/gothein.de\/reiseblog\/wp-content\/uploads\/2020\/08\/20200823_190031-2048x1385.jpg 2048w\" sizes=\"auto, (max-width: 2560px) 100vw, 2560px\" \/><figcaption>Blick vom K\u00f6pfel<\/figcaption><\/figure>\n\n\n\n<p>Auch wenn der kurze steile Aufstieg am Ende nach langer Abfahrt vom langen Kirschbaum etwas schmerzt so wird man doch immer wieder mit fantastischem Ausblick belohnt. Nach Abfahrt am Kloster Neustift vorbei geht es dann entlang des Neckars bem alten Arbeitgeber SAS vorbei auf der leider ziemlich befahrenen Uferstra\u00dfe zur\u00fcck.<\/p>\n\n\n\n        <div id=\"map_ol3js_1\"\n             class=\"map undefined\"\n             data-map_name=\"undefined\"\n             data-map=\"map_ol3js_1\"\n             style=\"width:100%;\n                    max-width:100%;\n                    height:450px;\n                    display:block;\n                    overflow:hidden;\n                    border:2px solid grey;\">\n          <div id=\"map_ol3js_1_popup\" class=\"ol-popup\">\n            <a href=\"#\" id=\"map_ol3js_1_popup-closer\" class=\"ol-popup-closer\"><\/a>\n            <div id=\"map_ol3js_1_popup-content\"><\/div>\n          <\/div>\n        <\/div>\n    \n\n\t\t\t\t<script type=\"text\/javascript\">\n\t\t\t\t\ttranslations['openlayer'] = \"open layer\";\n\t\t\t\t\ttranslations['openlayerAtStartup'] = \"open layer at startup\";\n\t\t\t\t\ttranslations['generateLink'] = \"Der Link zur Karte mit ausgew\u00e4hlten Overlays und angezeigtem Ausschnitt\";\n\t\t\t\t\ttranslations['shortDescription'] = \"Kurzbeschreibung\";\n\t\t\t\t\ttranslations['generatedShortCode'] = \"to get a text control link paste this code in your wordpress editor\";\n\t\t\t\t\ttranslations['closeLayer'] = \"close layer\";\n\t\t\t\t\ttranslations['cantGenerateLink'] = \"put this string in the existing map short code to control this map\";\n\t\t\t  <\/script>\n\n\n\t\t\t  <script type=\"text\/javascript\">\n\t\t\t  vectorM['map_ol3js_1'] = [];\n\t        \n        var raster = getTileLayer(\"osm\",\"NoKey\");\t\t\t\n\n\t\t\t  var map_ol3js_1 = new ol.Map({\n\t\t\t\tinteractions: ol.interaction.defaults.defaults({mouseWheelZoom:false}),\n\t\t\t\tlayers: [raster],\n\t\t\t\ttarget: \"map_ol3js_1\",\n\t\t\t\tview: new ol.View({\n\t\t\t\t  center: ol.proj.transform([8.682592,49.465384], \"EPSG:4326\", \"EPSG:3857\"),\n\t\t\t\t  zoom: 10.597229\n\t\t\t\t})\n\t\t\t  });\n\t\t\t  \n    var style0 = {\n      \"Point\": [new ol.style.Style({\n\n          image: new ol.style.Icon({\n            anchor: [0.5, 41],\n            anchorXUnits: \"fraction\",\n            anchorYUnits: \"pixels\",\n            opacity: 0.75,\n            src: \"https:\/\/gothein.de\/reiseblog\/wp-content\/plugins\/osm\/icons\/mic_blue_pinother_02.png\"\n          })\n      })],\n\n      \"LineString\": [new ol.style.Style({\n        stroke: new ol.style.Stroke({\n          color: \"blue\",\n          width: 8\n        })\n      })],\n      \"MultiLineString\": [new ol.style.Style({\n        stroke: new ol.style.Stroke({\n          color: \"blue\",\n          width: 4\n        })\n      })]\n    };\n\t\t  var vectorL0 = new ol.layer.Vector({\n\t\t\t\tsource: new ol.source.Vector({\n\t\t\t\turl:\"\/reiseblog\/wp-content\/uploads\/gpx\/2020082_Odenwaldtour.gpx.gpx\",\n\t\t\t\tformat: new ol.format.GPX({\n\t\t\t\t\textractStyles: false\n\t\t\t\t})\n\t\t\t}),\n\t\t\tzIndex: 92,\n\t\t\tstyle: function(feature, resolution) {return style0[feature.getGeometry().getType()];}\n\t\t  });\n\t\t  map_ol3js_1.addLayer(vectorL0);addControls2Map(map_ol3js_1,0,0,3,1,5,6,7,0,1);\nosm_addPopupClickhandler(map_ol3js_1,  \"map_ol3js_1\"); \nosm_addMouseHover(map_ol3js_1); <\/script>\n","protected":false},"excerpt":{"rendered":"<p>Eigentlich ist diese Tour nicht der Rede wert. Nur 78 km mit gut 1000 H\u00f6henmetern. Erstmal eine ganze Strecke \u00fcber die Ebene, bei Ladenburg den Neckar \u00fcberquert und dann bei Hohensachsen die alte Stra\u00dfe nach Oberflockenbach hoch. Erfreulicherweise ist wenig los auf der Stra\u00dfe und trotz einiger Wolken h\u00e4lt sich das Wetter bei angenehmen Temperaturen. [&hellip;]<\/p>\n","protected":false},"author":1,"featured_media":0,"comment_status":"open","ping_status":"open","sticky":false,"template":"","format":"standard","meta":{"ngg_post_thumbnail":0,"_jetpack_memberships_contains_paid_content":false,"footnotes":""},"categories":[1],"tags":[146,148],"class_list":["post-4284","post","type-post","status-publish","format-standard","hentry","category-allgemein","tag-baden-wuerttemberg","tag-heidelberg"],"jetpack_featured_media_url":"","jetpack_sharing_enabled":true,"_links":{"self":[{"href":"https:\/\/gothein.de\/reiseblog\/wp-json\/wp\/v2\/posts\/4284","targetHints":{"allow":["GET"]}}],"collection":[{"href":"https:\/\/gothein.de\/reiseblog\/wp-json\/wp\/v2\/posts"}],"about":[{"href":"https:\/\/gothein.de\/reiseblog\/wp-json\/wp\/v2\/types\/post"}],"author":[{"embeddable":true,"href":"https:\/\/gothein.de\/reiseblog\/wp-json\/wp\/v2\/users\/1"}],"replies":[{"embeddable":true,"href":"https:\/\/gothein.de\/reiseblog\/wp-json\/wp\/v2\/comments?post=4284"}],"version-history":[{"count":0,"href":"https:\/\/gothein.de\/reiseblog\/wp-json\/wp\/v2\/posts\/4284\/revisions"}],"wp:attachment":[{"href":"https:\/\/gothein.de\/reiseblog\/wp-json\/wp\/v2\/media?parent=4284"}],"wp:term":[{"taxonomy":"category","embeddable":true,"href":"https:\/\/gothein.de\/reiseblog\/wp-json\/wp\/v2\/categories?post=4284"},{"taxonomy":"post_tag","embeddable":true,"href":"https:\/\/gothein.de\/reiseblog\/wp-json\/wp\/v2\/tags?post=4284"}],"curies":[{"name":"wp","href":"https:\/\/api.w.org\/{rel}","templated":true}]}}