

{"id":4248,"date":"2020-07-21T20:50:33","date_gmt":"2020-07-21T18:50:33","guid":{"rendered":"https:\/\/gothein.de\/reiseblog\/?p=4248"},"modified":"2020-07-21T21:30:42","modified_gmt":"2020-07-21T19:30:42","slug":"von-bad-friedrichshall-nach-heidelberg","status":"publish","type":"post","link":"https:\/\/gothein.de\/reiseblog\/2020\/07\/21\/von-bad-friedrichshall-nach-heidelberg\/","title":{"rendered":"Von Bad Friedrichshall nach Heidelberg"},"content":{"rendered":"\n<p>Heute musste ich es bis nach Heidelberg schaffen, da morgen wieder ein paar Termine auf mich warten. Das l\u00e4sst sich von Bamberg ohne Einbau einer Zugfahrt nur schwer realisieren und ich buche ein Ticket. Der Bahnhof ist schnell erreicht und mit Umstieg in W\u00fcrzburg steuere ich Bad Friedrichshall an um von dort den Neckarradweg flussabw\u00e4rts zu fahren. Ab Eberbach kenne ich das eigentlich schon zur Gen\u00fcge aber dazwischen w\u00e4re es weitgehend Neuland. Einmal waren wir schon von Hirschhorn bis nach Mosbach unterwegs. Bis Mosbach klappt das auch sehr gut. Zun\u00e4chst passiere ich Bad Wimpfen \u00fcber das ich ja schon ausf\u00fchrlich von unserer Tour an Frohnleichnam berichtet hatte. Es gibt einige Burgen zu sehen, die Sonne scheint, der Wind kommt von vorne.<\/p>\n\n\n\n<figure class=\"wp-block-image size-large\"><img loading=\"lazy\" decoding=\"async\" width=\"1024\" height=\"1024\" src=\"https:\/\/gothein.de\/reiseblog\/wp-content\/uploads\/2020\/07\/20200721_200708_copy_1600x1600-1024x1024.jpg\" alt=\"\" class=\"wp-image-4246\" srcset=\"https:\/\/gothein.de\/reiseblog\/wp-content\/uploads\/2020\/07\/20200721_200708_copy_1600x1600-1024x1024.jpg 1024w, https:\/\/gothein.de\/reiseblog\/wp-content\/uploads\/2020\/07\/20200721_200708_copy_1600x1600-300x300.jpg 300w, https:\/\/gothein.de\/reiseblog\/wp-content\/uploads\/2020\/07\/20200721_200708_copy_1600x1600-150x150.jpg 150w, https:\/\/gothein.de\/reiseblog\/wp-content\/uploads\/2020\/07\/20200721_200708_copy_1600x1600-768x768.jpg 768w, https:\/\/gothein.de\/reiseblog\/wp-content\/uploads\/2020\/07\/20200721_200708_copy_1600x1600-1536x1536.jpg 1536w, https:\/\/gothein.de\/reiseblog\/wp-content\/uploads\/2020\/07\/20200721_200708_copy_1600x1600-60x60.jpg 60w, https:\/\/gothein.de\/reiseblog\/wp-content\/uploads\/2020\/07\/20200721_200708_copy_1600x1600.jpg 1600w\" sizes=\"auto, (max-width: 1024px) 100vw, 1024px\" \/><figcaption>Viele Burgen<\/figcaption><\/figure>\n\n\n\n<p>Bei Neckargerach verl\u00e4sst mich dann das Navigationsgl\u00fcck. Ich habe nicht realisiert, dass ich dort die Neckarseite wechseln muss, fahre gem\u00fctlich vor mich hin und lande auf ein einmal in der Wiese. Ein bisschen zur\u00fcck, kein Internet-Empfang, zwei E-Biker, die in den Wald fahren, wird schon richtig sein, also hinterher. <\/p>\n\n\n\n<p>Bei so etwa 200 Metern H\u00f6he kommen mir erste Zweifel, denn meine damalige Reisetruppe w\u00e4re kaum ohne Protest diesen Anstieg gefahren. Bis auf 13% Steigung entwickelt sich die Steigung und schon sind 300 Meter erreicht. Der Weg entwickelt sich zu grobem Schotter aber immer noch stehen freundliche gelbe Zeichen an den B\u00e4umen, die signalisieren, das man hier auf dem Neckarradweg sei. Kurz vor 400 kommt wieder eine Asphaltstra\u00dfe, die nach Neckargerach oder Zwingenberg runter f\u00fchrt. Oben geht es nach Schwanheim. Wo ich nun eh schon fast oben bin, entschlie\u00dfe ich mich auch oben zu bleiben und auf die vielen Neckarschleifen zu verzichten. \u00dcber Neunkirchen, wo mich die gr\u00fcnen Radpfeile nochmal in die Irre schicken, bekomme ich im Dorfladen wenigsten Fl\u00fcssigkeitsnachschub. \u00dcber Schwanheim, Haag, Waldzimmern geht es dann weiter und den Neckar erreiche ich bei Neckargem\u00fcnd wieder. Ab dort ist das sicher der schlechteste Teil des Radwegs entlang der gro\u00dfen Fahrstra\u00dfe. In Waldzimmern gibt es am Orstende erfreuerlicheweise immer noch das nette kleine Eiskaffee mit Milchkaffee und K\u00e4sekuchen. <\/p>\n\n\n\n<p>Meine Erwartung eine flache Etappe mit gutem Schnitt schnell absolvieren zu k\u00f6nnen erf\u00fcllt sich nicht. Mit 80 Kilometern und 800 H\u00f6henmetern ist es dann doch wieder anstrengender geworden. <\/p>\n\n\n\n<figure class=\"wp-block-image size-large\"><img loading=\"lazy\" decoding=\"async\" width=\"1024\" height=\"1024\" src=\"https:\/\/gothein.de\/reiseblog\/wp-content\/uploads\/2020\/07\/20200721_202102_copy_1600x1600-1024x1024.jpg\" alt=\"\" class=\"wp-image-4247\" srcset=\"https:\/\/gothein.de\/reiseblog\/wp-content\/uploads\/2020\/07\/20200721_202102_copy_1600x1600-1024x1024.jpg 1024w, https:\/\/gothein.de\/reiseblog\/wp-content\/uploads\/2020\/07\/20200721_202102_copy_1600x1600-300x300.jpg 300w, https:\/\/gothein.de\/reiseblog\/wp-content\/uploads\/2020\/07\/20200721_202102_copy_1600x1600-150x150.jpg 150w, https:\/\/gothein.de\/reiseblog\/wp-content\/uploads\/2020\/07\/20200721_202102_copy_1600x1600-768x768.jpg 768w, https:\/\/gothein.de\/reiseblog\/wp-content\/uploads\/2020\/07\/20200721_202102_copy_1600x1600-1536x1536.jpg 1536w, https:\/\/gothein.de\/reiseblog\/wp-content\/uploads\/2020\/07\/20200721_202102_copy_1600x1600-60x60.jpg 60w, https:\/\/gothein.de\/reiseblog\/wp-content\/uploads\/2020\/07\/20200721_202102_copy_1600x1600.jpg 1600w\" sizes=\"auto, (max-width: 1024px) 100vw, 1024px\" \/><figcaption>Eindr\u00fccke vom Umweg<\/figcaption><\/figure>\n\n\n\n<p>So gibt es auf dem Umweg nur wenig Eindr\u00fccke: mein Rad in der Sackgasse, Bilder von oben mit vielen Blumen auf den Wiesen und schottrigen Wegen, der Neckar kurz vor der Festung Dilsberg und schlie\u00dflich das Kloster Stift Neuburg kurz vor Heidelberg. In Heidelberg ist der Verkehr mal wieder recht heftig und da ich auf der Stra\u00dfe fahre gibt es keine Bilder mehr. <\/p>\n\n\n\n<p>Trotz allem war es eine sch\u00f6ne letzte Etappe und schieben wir es mal auf den Zufall, dass es dieser Weg geworden ist. <\/p>\n\n\n\n        <div id=\"map_ol3js_1\"\n             class=\"map undefined\"\n             data-map_name=\"undefined\"\n             data-map=\"map_ol3js_1\"\n             style=\"width:100%;\n                    max-width:100%;\n                    height:450px;\n                    display:block;\n                    overflow:hidden;\n                    border:2px solid grey;\">\n          <div id=\"map_ol3js_1_popup\" class=\"ol-popup\">\n            <a href=\"#\" id=\"map_ol3js_1_popup-closer\" class=\"ol-popup-closer\"><\/a>\n            <div id=\"map_ol3js_1_popup-content\"><\/div>\n          <\/div>\n        <\/div>\n    \n\n\t\t\t\t<script type=\"text\/javascript\">\n\t\t\t\t\ttranslations['openlayer'] = \"open layer\";\n\t\t\t\t\ttranslations['openlayerAtStartup'] = \"open layer at startup\";\n\t\t\t\t\ttranslations['generateLink'] = \"Der Link zur Karte mit ausgew\u00e4hlten Overlays und angezeigtem Ausschnitt\";\n\t\t\t\t\ttranslations['shortDescription'] = \"Kurzbeschreibung\";\n\t\t\t\t\ttranslations['generatedShortCode'] = \"to get a text control link paste this code in your wordpress editor\";\n\t\t\t\t\ttranslations['closeLayer'] = \"close layer\";\n\t\t\t\t\ttranslations['cantGenerateLink'] = \"put this string in the existing map short code to control this map\";\n\t\t\t  <\/script>\n\n\n\t\t\t  <script type=\"text\/javascript\">\n\t\t\t  vectorM['map_ol3js_1'] = [];\n\t        \n        var raster = getTileLayer(\"osm\",\"NoKey\");\t\t\t\n\n\t\t\t  var map_ol3js_1 = new ol.Map({\n\t\t\t\tinteractions: ol.interaction.defaults.defaults({mouseWheelZoom:false}),\n\t\t\t\tlayers: [raster],\n\t\t\t\ttarget: \"map_ol3js_1\",\n\t\t\t\tview: new ol.View({\n\t\t\t\t  center: ol.proj.transform([8.936583,49.325126], \"EPSG:4326\", \"EPSG:3857\"),\n\t\t\t\t  zoom: 9.686371\n\t\t\t\t})\n\t\t\t  });\n\t\t\t  \n    var style0 = {\n      \"Point\": [new ol.style.Style({\n\n          image: new ol.style.Icon({\n            anchor: [0.5, 41],\n            anchorXUnits: \"fraction\",\n            anchorYUnits: \"pixels\",\n            opacity: 0.75,\n            src: \"https:\/\/gothein.de\/reiseblog\/wp-content\/plugins\/osm\/icons\/mic_blue_pinother_02.png\"\n          })\n      })],\n\n      \"LineString\": [new ol.style.Style({\n        stroke: new ol.style.Stroke({\n          color: \"blue\",\n          width: 8\n        })\n      })],\n      \"MultiLineString\": [new ol.style.Style({\n        stroke: new ol.style.Stroke({\n          color: \"blue\",\n          width: 4\n        })\n      })]\n    };\n\t\t  var vectorL0 = new ol.layer.Vector({\n\t\t\t\tsource: new ol.source.Vector({\n\t\t\t\turl:\"\/reiseblog\/wp-content\/uploads\/gpx\/20200721_BadFriedrichshall_Heidelberg.gpx\",\n\t\t\t\tformat: new ol.format.GPX({\n\t\t\t\t\textractStyles: false\n\t\t\t\t})\n\t\t\t}),\n\t\t\tzIndex: 92,\n\t\t\tstyle: function(feature, resolution) {return style0[feature.getGeometry().getType()];}\n\t\t  });\n\t\t  map_ol3js_1.addLayer(vectorL0);addControls2Map(map_ol3js_1,0,0,3,1,5,6,7,0,1);\nosm_addPopupClickhandler(map_ol3js_1,  \"map_ol3js_1\"); \nosm_addMouseHover(map_ol3js_1); <\/script>\n","protected":false},"excerpt":{"rendered":"<p>Heute musste ich es bis nach Heidelberg schaffen, da morgen wieder ein paar Termine auf mich warten. Das l\u00e4sst sich von Bamberg ohne Einbau einer Zugfahrt nur schwer realisieren und ich buche ein Ticket. Der Bahnhof ist schnell erreicht und mit Umstieg in W\u00fcrzburg steuere ich Bad Friedrichshall an um von dort den Neckarradweg flussabw\u00e4rts [&hellip;]<\/p>\n","protected":false},"author":1,"featured_media":0,"comment_status":"open","ping_status":"open","sticky":false,"template":"","format":"standard","meta":{"ngg_post_thumbnail":0,"_jetpack_memberships_contains_paid_content":false,"footnotes":""},"categories":[1],"tags":[169,146,148],"class_list":["post-4248","post","type-post","status-publish","format-standard","hentry","category-allgemein","tag-bad-friedrichshall","tag-baden-wuerttemberg","tag-heidelberg"],"jetpack_featured_media_url":"","jetpack_sharing_enabled":true,"_links":{"self":[{"href":"https:\/\/gothein.de\/reiseblog\/wp-json\/wp\/v2\/posts\/4248","targetHints":{"allow":["GET"]}}],"collection":[{"href":"https:\/\/gothein.de\/reiseblog\/wp-json\/wp\/v2\/posts"}],"about":[{"href":"https:\/\/gothein.de\/reiseblog\/wp-json\/wp\/v2\/types\/post"}],"author":[{"embeddable":true,"href":"https:\/\/gothein.de\/reiseblog\/wp-json\/wp\/v2\/users\/1"}],"replies":[{"embeddable":true,"href":"https:\/\/gothein.de\/reiseblog\/wp-json\/wp\/v2\/comments?post=4248"}],"version-history":[{"count":0,"href":"https:\/\/gothein.de\/reiseblog\/wp-json\/wp\/v2\/posts\/4248\/revisions"}],"wp:attachment":[{"href":"https:\/\/gothein.de\/reiseblog\/wp-json\/wp\/v2\/media?parent=4248"}],"wp:term":[{"taxonomy":"category","embeddable":true,"href":"https:\/\/gothein.de\/reiseblog\/wp-json\/wp\/v2\/categories?post=4248"},{"taxonomy":"post_tag","embeddable":true,"href":"https:\/\/gothein.de\/reiseblog\/wp-json\/wp\/v2\/tags?post=4248"}],"curies":[{"name":"wp","href":"https:\/\/api.w.org\/{rel}","templated":true}]}}