

{"id":4138,"date":"2020-06-11T20:27:20","date_gmt":"2020-06-11T18:27:20","guid":{"rendered":"https:\/\/gothein.de\/reiseblog\/?p=4138"},"modified":"2020-06-11T20:30:51","modified_gmt":"2020-06-11T18:30:51","slug":"von-heidelberg-nach-bad-wimpfen","status":"publish","type":"post","link":"https:\/\/gothein.de\/reiseblog\/2020\/06\/11\/von-heidelberg-nach-bad-wimpfen\/","title":{"rendered":"Von Heidelberg nach Bad Wimpfen"},"content":{"rendered":"\n<p>Bei tr\u00fcbem Wetter sind wir heute zu einer kleinen Radtour aufgebrochen. Eigentlich wollten wir den Neckar Radweg von Heidelberg nach Bad Wimpfen nehmen, aber haben uns dann f\u00fcr den k\u00fcrzeren Weg \u00fcber Land \u00fcber Sinsheim und Bad Rappenau entschieden. <\/p>\n\n\n\n<figure class=\"wp-block-image size-large\"><img loading=\"lazy\" decoding=\"async\" width=\"1024\" height=\"1024\" src=\"https:\/\/gothein.de\/reiseblog\/wp-content\/uploads\/2020\/06\/20200611_192826_copy_1600x1600-1024x1024.jpg\" alt=\"\" class=\"wp-image-4134\" srcset=\"https:\/\/gothein.de\/reiseblog\/wp-content\/uploads\/2020\/06\/20200611_192826_copy_1600x1600-1024x1024.jpg 1024w, https:\/\/gothein.de\/reiseblog\/wp-content\/uploads\/2020\/06\/20200611_192826_copy_1600x1600-300x300.jpg 300w, https:\/\/gothein.de\/reiseblog\/wp-content\/uploads\/2020\/06\/20200611_192826_copy_1600x1600-150x150.jpg 150w, https:\/\/gothein.de\/reiseblog\/wp-content\/uploads\/2020\/06\/20200611_192826_copy_1600x1600-768x768.jpg 768w, https:\/\/gothein.de\/reiseblog\/wp-content\/uploads\/2020\/06\/20200611_192826_copy_1600x1600-1536x1536.jpg 1536w, https:\/\/gothein.de\/reiseblog\/wp-content\/uploads\/2020\/06\/20200611_192826_copy_1600x1600-60x60.jpg 60w, https:\/\/gothein.de\/reiseblog\/wp-content\/uploads\/2020\/06\/20200611_192826_copy_1600x1600.jpg 1600w\" sizes=\"auto, (max-width: 1024px) 100vw, 1024px\" \/><figcaption>In und um Sinsheim<\/figcaption><\/figure>\n\n\n\n<p>Immer wieder begann es leicht zu regnen. Aber im Gro\u00dfen und Ganzen hat es gehalten.  Landschaftliche Highlights gab es wenige. <\/p>\n\n\n\n<figure class=\"wp-block-image size-large\"><img loading=\"lazy\" decoding=\"async\" width=\"1024\" height=\"1024\" src=\"https:\/\/gothein.de\/reiseblog\/wp-content\/uploads\/2020\/06\/20200611_193051_copy_1600x1600-1024x1024.jpg\" alt=\"\" class=\"wp-image-4135\" srcset=\"https:\/\/gothein.de\/reiseblog\/wp-content\/uploads\/2020\/06\/20200611_193051_copy_1600x1600-1024x1024.jpg 1024w, https:\/\/gothein.de\/reiseblog\/wp-content\/uploads\/2020\/06\/20200611_193051_copy_1600x1600-300x300.jpg 300w, https:\/\/gothein.de\/reiseblog\/wp-content\/uploads\/2020\/06\/20200611_193051_copy_1600x1600-150x150.jpg 150w, https:\/\/gothein.de\/reiseblog\/wp-content\/uploads\/2020\/06\/20200611_193051_copy_1600x1600-768x768.jpg 768w, https:\/\/gothein.de\/reiseblog\/wp-content\/uploads\/2020\/06\/20200611_193051_copy_1600x1600-1536x1536.jpg 1536w, https:\/\/gothein.de\/reiseblog\/wp-content\/uploads\/2020\/06\/20200611_193051_copy_1600x1600-60x60.jpg 60w, https:\/\/gothein.de\/reiseblog\/wp-content\/uploads\/2020\/06\/20200611_193051_copy_1600x1600.jpg 1600w\" sizes=\"auto, (max-width: 1024px) 100vw, 1024px\" \/><figcaption>Bad Wimpfen <\/figcaption><\/figure>\n\n\n\n<p>Nachdem wir nach 63 km und 500 H\u00f6henmetern unser Hotel in Bad Wimpfen bezogen haben und zum Stadtrundgang aufgebrochen sind, konnte die neue Kamera im Samsung S20 wesentlich intensiver genutzt werden. <\/p>\n\n\n\n<figure class=\"wp-block-image size-large\"><img loading=\"lazy\" decoding=\"async\" width=\"1024\" height=\"1024\" src=\"https:\/\/gothein.de\/reiseblog\/wp-content\/uploads\/2020\/06\/20200611_193305_copy_1600x1600-1024x1024.jpg\" alt=\"\" class=\"wp-image-4136\" srcset=\"https:\/\/gothein.de\/reiseblog\/wp-content\/uploads\/2020\/06\/20200611_193305_copy_1600x1600-1024x1024.jpg 1024w, https:\/\/gothein.de\/reiseblog\/wp-content\/uploads\/2020\/06\/20200611_193305_copy_1600x1600-300x300.jpg 300w, https:\/\/gothein.de\/reiseblog\/wp-content\/uploads\/2020\/06\/20200611_193305_copy_1600x1600-150x150.jpg 150w, https:\/\/gothein.de\/reiseblog\/wp-content\/uploads\/2020\/06\/20200611_193305_copy_1600x1600-768x768.jpg 768w, https:\/\/gothein.de\/reiseblog\/wp-content\/uploads\/2020\/06\/20200611_193305_copy_1600x1600-1536x1536.jpg 1536w, https:\/\/gothein.de\/reiseblog\/wp-content\/uploads\/2020\/06\/20200611_193305_copy_1600x1600-60x60.jpg 60w, https:\/\/gothein.de\/reiseblog\/wp-content\/uploads\/2020\/06\/20200611_193305_copy_1600x1600.jpg 1600w\" sizes=\"auto, (max-width: 1024px) 100vw, 1024px\" \/><figcaption>Bad Wimpfen <br \/><\/figcaption><\/figure>\n\n\n\n<p>Die Sonne kommt nun endlich raus. Wir bekommen den hei\u00df ersehnten K\u00e4sekuchen und kommen trotz Touristikbetrieb mit einigen Einheimischen ins Gespr\u00e4ch. <\/p>\n\n\n\n<figure class=\"wp-block-image size-large\"><img loading=\"lazy\" decoding=\"async\" width=\"1024\" height=\"1024\" src=\"https:\/\/gothein.de\/reiseblog\/wp-content\/uploads\/2020\/06\/20200611_193431_copy_1600x1600-1024x1024.jpg\" alt=\"\" class=\"wp-image-4137\" srcset=\"https:\/\/gothein.de\/reiseblog\/wp-content\/uploads\/2020\/06\/20200611_193431_copy_1600x1600-1024x1024.jpg 1024w, https:\/\/gothein.de\/reiseblog\/wp-content\/uploads\/2020\/06\/20200611_193431_copy_1600x1600-300x300.jpg 300w, https:\/\/gothein.de\/reiseblog\/wp-content\/uploads\/2020\/06\/20200611_193431_copy_1600x1600-150x150.jpg 150w, https:\/\/gothein.de\/reiseblog\/wp-content\/uploads\/2020\/06\/20200611_193431_copy_1600x1600-768x768.jpg 768w, https:\/\/gothein.de\/reiseblog\/wp-content\/uploads\/2020\/06\/20200611_193431_copy_1600x1600-1536x1536.jpg 1536w, https:\/\/gothein.de\/reiseblog\/wp-content\/uploads\/2020\/06\/20200611_193431_copy_1600x1600-60x60.jpg 60w, https:\/\/gothein.de\/reiseblog\/wp-content\/uploads\/2020\/06\/20200611_193431_copy_1600x1600.jpg 1600w\" sizes=\"auto, (max-width: 1024px) 100vw, 1024px\" \/><figcaption>Bad Wimpfen <\/figcaption><\/figure>\n\n\n\n<p>Im Hotel am Neuen Tor haben wir einen Tisch im Staufen Restaurant reserviert. Und die Spargelsaison stilvoll abgeschlossen. <\/p>\n\n\n\n        <div id=\"map_ol3js_1\"\n             class=\"map undefined\"\n             data-map_name=\"undefined\"\n             data-map=\"map_ol3js_1\"\n             style=\"width:100%;\n                    max-width:100%;\n                    height:450px;\n                    display:block;\n                    overflow:hidden;\n                    border:2px solid grey;\">\n          <div id=\"map_ol3js_1_popup\" class=\"ol-popup\">\n            <a href=\"#\" id=\"map_ol3js_1_popup-closer\" class=\"ol-popup-closer\"><\/a>\n            <div id=\"map_ol3js_1_popup-content\"><\/div>\n          <\/div>\n        <\/div>\n    \n\n\t\t\t\t<script type=\"text\/javascript\">\n\t\t\t\t\ttranslations['openlayer'] = \"open layer\";\n\t\t\t\t\ttranslations['openlayerAtStartup'] = \"open layer at startup\";\n\t\t\t\t\ttranslations['generateLink'] = \"Der Link zur Karte mit ausgew\u00e4hlten Overlays und angezeigtem Ausschnitt\";\n\t\t\t\t\ttranslations['shortDescription'] = \"Kurzbeschreibung\";\n\t\t\t\t\ttranslations['generatedShortCode'] = \"to get a text control link paste this code in your wordpress editor\";\n\t\t\t\t\ttranslations['closeLayer'] = \"close layer\";\n\t\t\t\t\ttranslations['cantGenerateLink'] = \"put this string in the existing map short code to control this map\";\n\t\t\t  <\/script>\n\n\n\t\t\t  <script type=\"text\/javascript\">\n\t\t\t  vectorM['map_ol3js_1'] = [];\n\t        \n        var raster = getTileLayer(\"osm\",\"NoKey\");\t\t\t\n\n\t\t\t  var map_ol3js_1 = new ol.Map({\n\t\t\t\tinteractions: ol.interaction.defaults.defaults({mouseWheelZoom:false}),\n\t\t\t\tlayers: [raster],\n\t\t\t\ttarget: \"map_ol3js_1\",\n\t\t\t\tview: new ol.View({\n\t\t\t\t  center: ol.proj.transform([8.914283,49.294721], \"EPSG:4326\", \"EPSG:3857\"),\n\t\t\t\t  zoom: 9.776898\n\t\t\t\t})\n\t\t\t  });\n\t\t\t  \n    var style0 = {\n      \"Point\": [new ol.style.Style({\n\n          image: new ol.style.Icon({\n            anchor: [0.5, 41],\n            anchorXUnits: \"fraction\",\n            anchorYUnits: \"pixels\",\n            opacity: 0.75,\n            src: \"https:\/\/gothein.de\/reiseblog\/wp-content\/plugins\/osm\/icons\/mic_blue_pinother_02.png\"\n          })\n      })],\n\n      \"LineString\": [new ol.style.Style({\n        stroke: new ol.style.Stroke({\n          color: \"blue\",\n          width: 8\n        })\n      })],\n      \"MultiLineString\": [new ol.style.Style({\n        stroke: new ol.style.Stroke({\n          color: \"blue\",\n          width: 4\n        })\n      })]\n    };\n\t\t  var vectorL0 = new ol.layer.Vector({\n\t\t\t\tsource: new ol.source.Vector({\n\t\t\t\turl:\"\/reiseblog\/wp-content\/uploads\/gpx\/20200611_BadWimpfen.gpx\",\n\t\t\t\tformat: new ol.format.GPX({\n\t\t\t\t\textractStyles: false\n\t\t\t\t})\n\t\t\t}),\n\t\t\tzIndex: 92,\n\t\t\tstyle: function(feature, resolution) {return style0[feature.getGeometry().getType()];}\n\t\t  });\n\t\t  map_ol3js_1.addLayer(vectorL0);addControls2Map(map_ol3js_1,0,0,3,1,5,6,7,0,1);\nosm_addPopupClickhandler(map_ol3js_1,  \"map_ol3js_1\"); \nosm_addMouseHover(map_ol3js_1); <\/script>\n","protected":false},"excerpt":{"rendered":"<p>Bei tr\u00fcbem Wetter sind wir heute zu einer kleinen Radtour aufgebrochen. Eigentlich wollten wir den Neckar Radweg von Heidelberg nach Bad Wimpfen nehmen, aber haben uns dann f\u00fcr den k\u00fcrzeren Weg \u00fcber Land \u00fcber Sinsheim und Bad Rappenau entschieden. Immer wieder begann es leicht zu regnen. Aber im Gro\u00dfen und Ganzen hat es gehalten. Landschaftliche [&hellip;]<\/p>\n","protected":false},"author":1,"featured_media":0,"comment_status":"open","ping_status":"open","sticky":false,"template":"","format":"standard","meta":{"ngg_post_thumbnail":0,"_jetpack_memberships_contains_paid_content":false,"footnotes":""},"categories":[1],"tags":[149,146,148],"class_list":["post-4138","post","type-post","status-publish","format-standard","hentry","category-allgemein","tag-bad-wimpfen","tag-baden-wuerttemberg","tag-heidelberg"],"jetpack_featured_media_url":"","jetpack_sharing_enabled":true,"_links":{"self":[{"href":"https:\/\/gothein.de\/reiseblog\/wp-json\/wp\/v2\/posts\/4138","targetHints":{"allow":["GET"]}}],"collection":[{"href":"https:\/\/gothein.de\/reiseblog\/wp-json\/wp\/v2\/posts"}],"about":[{"href":"https:\/\/gothein.de\/reiseblog\/wp-json\/wp\/v2\/types\/post"}],"author":[{"embeddable":true,"href":"https:\/\/gothein.de\/reiseblog\/wp-json\/wp\/v2\/users\/1"}],"replies":[{"embeddable":true,"href":"https:\/\/gothein.de\/reiseblog\/wp-json\/wp\/v2\/comments?post=4138"}],"version-history":[{"count":0,"href":"https:\/\/gothein.de\/reiseblog\/wp-json\/wp\/v2\/posts\/4138\/revisions"}],"wp:attachment":[{"href":"https:\/\/gothein.de\/reiseblog\/wp-json\/wp\/v2\/media?parent=4138"}],"wp:term":[{"taxonomy":"category","embeddable":true,"href":"https:\/\/gothein.de\/reiseblog\/wp-json\/wp\/v2\/categories?post=4138"},{"taxonomy":"post_tag","embeddable":true,"href":"https:\/\/gothein.de\/reiseblog\/wp-json\/wp\/v2\/tags?post=4138"}],"curies":[{"name":"wp","href":"https:\/\/api.w.org\/{rel}","templated":true}]}}