

{"id":4115,"date":"2020-04-11T20:53:55","date_gmt":"2020-04-11T18:53:55","guid":{"rendered":"https:\/\/gothein.de\/reiseblog\/?p=4115"},"modified":"2020-04-19T20:56:34","modified_gmt":"2020-04-19T18:56:34","slug":"ostern-in-heidelberg","status":"publish","type":"post","link":"https:\/\/gothein.de\/reiseblog\/2020\/04\/11\/ostern-in-heidelberg\/","title":{"rendered":"Ostern in Heidelberg"},"content":{"rendered":"\n<p>Es ist an der Zeit mal wieder einen kleinen Beitrag hier in den Blog einzustellen. Mit gr\u00f6\u00dferen Reisen ist aktuell in der Corona Krise nicht zu rechnen und so nutzen wir das wunderbare Fr\u00fchlingswetter zu einer Radtour um wieder ein bisschen Form aufzubauen.<\/p>\n\n\n\n<p>Rund um Heidelberg sind wir in einer Gegend, die den Vergleich mit anderen touristischen Zielen kaum zu scheuen braucht. Dabei habe ich noch einige Sehensw\u00fcrdigkeiten, die am Weg liegen, links liegen lassen. <\/p>\n\n\n\n<figure class=\"wp-block-image size-large\"><img loading=\"lazy\" decoding=\"async\" width=\"819\" height=\"1024\" src=\"https:\/\/gothein.de\/reiseblog\/wp-content\/uploads\/2020\/04\/incollage_20200411_202054438-1440x18002269059411503948773-819x1024.jpg\" alt=\"\" class=\"wp-image-4113\" srcset=\"https:\/\/gothein.de\/reiseblog\/wp-content\/uploads\/2020\/04\/incollage_20200411_202054438-1440x18002269059411503948773-819x1024.jpg 819w, https:\/\/gothein.de\/reiseblog\/wp-content\/uploads\/2020\/04\/incollage_20200411_202054438-1440x18002269059411503948773-240x300.jpg 240w, https:\/\/gothein.de\/reiseblog\/wp-content\/uploads\/2020\/04\/incollage_20200411_202054438-1440x18002269059411503948773-768x960.jpg 768w, https:\/\/gothein.de\/reiseblog\/wp-content\/uploads\/2020\/04\/incollage_20200411_202054438-1440x18002269059411503948773.jpg 1440w\" sizes=\"auto, (max-width: 819px) 100vw, 819px\" \/><figcaption>Radtour in den Odenwald <\/figcaption><\/figure>\n\n\n\n<p>\u00dcber die Felder von Kirchheim \u00fcber eppelheim nach Ladenburg und bei Hohensachsen probiere ich einen alten Weg nach Oberflockenbach. Gelbe Rapsfelder vorm K\u00f6nigsstuhl und bei Ladenburg \u00fcber den Neckar. Bei Oberflockenbach und Hilsenhein bieten sich gro\u00dfartige Blicke \u00fcber die Rheinebene bis zum Pf\u00e4lzer Wald.<\/p>\n\n\n\n<figure class=\"wp-block-image size-large\"><img loading=\"lazy\" decoding=\"async\" width=\"819\" height=\"1024\" src=\"https:\/\/gothein.de\/reiseblog\/wp-content\/uploads\/2020\/04\/incollage_20200411_202218690-1440x18002095018210894173418-819x1024.jpg\" alt=\"\" class=\"wp-image-4114\" srcset=\"https:\/\/gothein.de\/reiseblog\/wp-content\/uploads\/2020\/04\/incollage_20200411_202218690-1440x18002095018210894173418-819x1024.jpg 819w, https:\/\/gothein.de\/reiseblog\/wp-content\/uploads\/2020\/04\/incollage_20200411_202218690-1440x18002095018210894173418-240x300.jpg 240w, https:\/\/gothein.de\/reiseblog\/wp-content\/uploads\/2020\/04\/incollage_20200411_202218690-1440x18002095018210894173418-768x960.jpg 768w, https:\/\/gothein.de\/reiseblog\/wp-content\/uploads\/2020\/04\/incollage_20200411_202218690-1440x18002095018210894173418.jpg 1440w\" sizes=\"auto, (max-width: 819px) 100vw, 819px\" \/><figcaption>Neckartal und Heidelberger Aussichten<br><br><\/figcaption><\/figure>\n\n\n\n<p>Zuletzt pr\u00e4sentiert sich das Neckartal an einer seiner sch\u00f6nsten Stellen vom K\u00f6pfel aus, oberhalb des Klosters. Schlie\u00dflich ist auch die alte Br\u00fccke und das Schloss, diesmal praktisch ohne Touristen, einen Blick wert.<\/p>\n\n\n\n<p>Heute waren es 70 km und 900 H\u00f6henmeter auf meist einsamen Wegen und wenig befahrenen Stra\u00dfen (die Motorr\u00e4der sind allerdings trotzdem unterwegs) in wundersch\u00f6nen Landschaften und einigen H\u00fcgel zum Formaufbau. <\/p>\n\n\n\n\n        <div id=\"map_ol3js_1\"\n             class=\"map undefined\"\n             data-map_name=\"undefined\"\n             data-map=\"map_ol3js_1\"\n             style=\"width:100%;\n                    max-width:100%;\n                    height:450px;\n                    display:block;\n                    overflow:hidden;\n                    border:2px solid grey;\">\n          <div id=\"map_ol3js_1_popup\" class=\"ol-popup\">\n            <a href=\"#\" id=\"map_ol3js_1_popup-closer\" class=\"ol-popup-closer\"><\/a>\n            <div id=\"map_ol3js_1_popup-content\"><\/div>\n          <\/div>\n        <\/div>\n    \n\n\t\t\t\t<script type=\"text\/javascript\">\n\t\t\t\t\ttranslations['openlayer'] = \"open layer\";\n\t\t\t\t\ttranslations['openlayerAtStartup'] = \"open layer at startup\";\n\t\t\t\t\ttranslations['generateLink'] = \"Der Link zur Karte mit ausgew\u00e4hlten Overlays und angezeigtem Ausschnitt\";\n\t\t\t\t\ttranslations['shortDescription'] = \"Kurzbeschreibung\";\n\t\t\t\t\ttranslations['generatedShortCode'] = \"to get a text control link paste this code in your wordpress editor\";\n\t\t\t\t\ttranslations['closeLayer'] = \"close layer\";\n\t\t\t\t\ttranslations['cantGenerateLink'] = \"put this string in the existing map short code to control this map\";\n\t\t\t  <\/script>\n\n\n\t\t\t  <script type=\"text\/javascript\">\n\t\t\t  vectorM['map_ol3js_1'] = [];\n\t        \n        var raster = getTileLayer(\"osm\",\"NoKey\");\t\t\t\n\n\t\t\t  var map_ol3js_1 = new ol.Map({\n\t\t\t\tinteractions: ol.interaction.defaults.defaults({mouseWheelZoom:false}),\n\t\t\t\tlayers: [raster],\n\t\t\t\ttarget: \"map_ol3js_1\",\n\t\t\t\tview: new ol.View({\n\t\t\t\t  center: ol.proj.transform([8.682506,49.454519], \"EPSG:4326\", \"EPSG:3857\"),\n\t\t\t\t  zoom: 10.669086\n\t\t\t\t})\n\t\t\t  });\n\t\t\t  \n    var style0 = {\n      \"Point\": [new ol.style.Style({\n\n          image: new ol.style.Icon({\n            anchor: [0.5, 41],\n            anchorXUnits: \"fraction\",\n            anchorYUnits: \"pixels\",\n            opacity: 0.75,\n            src: \"https:\/\/gothein.de\/reiseblog\/wp-content\/plugins\/osm\/icons\/mic_blue_pinother_02.png\"\n          })\n      })],\n\n      \"LineString\": [new ol.style.Style({\n        stroke: new ol.style.Stroke({\n          color: \"blue\",\n          width: 8\n        })\n      })],\n      \"MultiLineString\": [new ol.style.Style({\n        stroke: new ol.style.Stroke({\n          color: \"blue\",\n          width: 4\n        })\n      })]\n    };\n\t\t  var vectorL0 = new ol.layer.Vector({\n\t\t\t\tsource: new ol.source.Vector({\n\t\t\t\turl:\"\/reiseblog\/wp-content\/uploads\/gpx\/20200411_Heidelberg.gpx\",\n\t\t\t\tformat: new ol.format.GPX({\n\t\t\t\t\textractStyles: false\n\t\t\t\t})\n\t\t\t}),\n\t\t\tzIndex: 92,\n\t\t\tstyle: function(feature, resolution) {return style0[feature.getGeometry().getType()];}\n\t\t  });\n\t\t  map_ol3js_1.addLayer(vectorL0);addControls2Map(map_ol3js_1,0,0,3,1,5,6,7,0,1);\nosm_addPopupClickhandler(map_ol3js_1,  \"map_ol3js_1\"); \nosm_addMouseHover(map_ol3js_1); <\/script>\n","protected":false},"excerpt":{"rendered":"<p>Es ist an der Zeit mal wieder einen kleinen Beitrag hier in den Blog einzustellen. Mit gr\u00f6\u00dferen Reisen ist aktuell in der Corona Krise nicht zu rechnen und so nutzen wir das wunderbare Fr\u00fchlingswetter zu einer Radtour um wieder ein bisschen Form aufzubauen. Rund um Heidelberg sind wir in einer Gegend, die den Vergleich mit [&hellip;]<\/p>\n","protected":false},"author":1,"featured_media":0,"comment_status":"open","ping_status":"open","sticky":false,"template":"","format":"standard","meta":{"ngg_post_thumbnail":0,"_jetpack_memberships_contains_paid_content":false,"footnotes":""},"categories":[1],"tags":[146,148],"class_list":["post-4115","post","type-post","status-publish","format-standard","hentry","category-allgemein","tag-baden-wuerttemberg","tag-heidelberg"],"jetpack_featured_media_url":"","jetpack_sharing_enabled":true,"_links":{"self":[{"href":"https:\/\/gothein.de\/reiseblog\/wp-json\/wp\/v2\/posts\/4115","targetHints":{"allow":["GET"]}}],"collection":[{"href":"https:\/\/gothein.de\/reiseblog\/wp-json\/wp\/v2\/posts"}],"about":[{"href":"https:\/\/gothein.de\/reiseblog\/wp-json\/wp\/v2\/types\/post"}],"author":[{"embeddable":true,"href":"https:\/\/gothein.de\/reiseblog\/wp-json\/wp\/v2\/users\/1"}],"replies":[{"embeddable":true,"href":"https:\/\/gothein.de\/reiseblog\/wp-json\/wp\/v2\/comments?post=4115"}],"version-history":[{"count":0,"href":"https:\/\/gothein.de\/reiseblog\/wp-json\/wp\/v2\/posts\/4115\/revisions"}],"wp:attachment":[{"href":"https:\/\/gothein.de\/reiseblog\/wp-json\/wp\/v2\/media?parent=4115"}],"wp:term":[{"taxonomy":"category","embeddable":true,"href":"https:\/\/gothein.de\/reiseblog\/wp-json\/wp\/v2\/categories?post=4115"},{"taxonomy":"post_tag","embeddable":true,"href":"https:\/\/gothein.de\/reiseblog\/wp-json\/wp\/v2\/tags?post=4115"}],"curies":[{"name":"wp","href":"https:\/\/api.w.org\/{rel}","templated":true}]}}