

{"id":3812,"date":"2019-08-21T19:16:38","date_gmt":"2019-08-21T17:16:38","guid":{"rendered":"https:\/\/gothein.de\/reiseblog\/?p=3812"},"modified":"2019-08-22T08:30:10","modified_gmt":"2019-08-22T06:30:10","slug":"von-nussdorf-nach-freudenstadt","status":"publish","type":"post","link":"https:\/\/gothein.de\/reiseblog\/2019\/08\/21\/von-nussdorf-nach-freudenstadt\/","title":{"rendered":"Von Nu\u00dfdorf nach Freudenstadt"},"content":{"rendered":"\n<p>Nachdem ich nun zwei Tage das schlechte Wetter in der sch\u00f6nen Ferienwohnung in Nu\u00dfdorf aussitzen konnte bin ich heute auf ziemlich direktem Weg  nach Freudenstadt gefahren. \u00dcber Stockach, Tuttlingen, Spaichingen, Rottweil und dann verschiedene D\u00f6rfer. W\u00e4hrend es am See noch flach ist, wird es im Hinterland sehr schnell recht wellig und ab Rottweil zunehmen bergiger. So wurden es 125 km und 1450 H\u00f6henmeter. <\/p>\n\n\n\n<p>Das Wetter am Bodensee war nur am Dienstag scheu\u00dflich, da regnete es den ganzen Tag. Zeit zum Lesen und am Computer zu arbeiten. Sonst war nur der Gewittersturm von Sonntag auf Montag Ursache klatschnass auf dem Weg von \u00dcberlingen zu werden. Der Montag war dagegen sehr angenehm und wir konnten schwimmen gehen. <\/p>\n\n\n\n<p>Den direkten Weg habe ich diesmal von Garmin Connect ermitteln lassen um die Strecke dann nach den Angaben des Edge 830 abzufahren. Das Ergebnis war durchwachsen. Manchmal ging es doch auf die B14 obwohl direkt daneben der Radweg gewesen w\u00e4re, manchmal wollte er unbedingt einen anderen Weg als die offiziellen Radwege nehmen und andererseits gab es ganz raffinierte Abk\u00fcrzungen durch Wald und Feld, manchmal allerdings auf recht grenzwertigen Wegen.  Das war manchmal schon richtiger Schotter und kein feiner Kies. Also ein gemischtes Ergebnis aber insgesamt schon erstaunlich gut. <\/p>\n\n\n\n<figure class=\"wp-block-image\"><img loading=\"lazy\" decoding=\"async\" width=\"960\" height=\"1200\" src=\"https:\/\/gothein.de\/reiseblog\/wp-content\/uploads\/2019\/08\/incollage_20190821_195403795-960x12006476828498286018902.jpg\" alt=\"\" class=\"wp-image-3816\" srcset=\"https:\/\/gothein.de\/reiseblog\/wp-content\/uploads\/2019\/08\/incollage_20190821_195403795-960x12006476828498286018902.jpg 960w, https:\/\/gothein.de\/reiseblog\/wp-content\/uploads\/2019\/08\/incollage_20190821_195403795-960x12006476828498286018902-240x300.jpg 240w, https:\/\/gothein.de\/reiseblog\/wp-content\/uploads\/2019\/08\/incollage_20190821_195403795-960x12006476828498286018902-768x960.jpg 768w, https:\/\/gothein.de\/reiseblog\/wp-content\/uploads\/2019\/08\/incollage_20190821_195403795-960x12006476828498286018902-819x1024.jpg 819w\" sizes=\"auto, (max-width: 960px) 100vw, 960px\" \/><figcaption>Bodensee bei Sipplingen und Hinterland<\/figcaption><\/figure>\n\n\n\n<p>Der See zeigt sich heute wieder  von sein sch\u00f6nster Seite. In Stockach entdecke ich mein Radgesch\u00e4ft und kurz danach \u00f6ffnet sich der Blick auf das Hegau und die Stauffenberge. <\/p>\n\n\n\n<figure class=\"wp-block-image\"><img loading=\"lazy\" decoding=\"async\" width=\"960\" height=\"1200\" src=\"https:\/\/gothein.de\/reiseblog\/wp-content\/uploads\/2019\/08\/incollage_20190821_195453801-960x12005866926686862500944.jpg\" alt=\"\" class=\"wp-image-3817\" srcset=\"https:\/\/gothein.de\/reiseblog\/wp-content\/uploads\/2019\/08\/incollage_20190821_195453801-960x12005866926686862500944.jpg 960w, https:\/\/gothein.de\/reiseblog\/wp-content\/uploads\/2019\/08\/incollage_20190821_195453801-960x12005866926686862500944-240x300.jpg 240w, https:\/\/gothein.de\/reiseblog\/wp-content\/uploads\/2019\/08\/incollage_20190821_195453801-960x12005866926686862500944-768x960.jpg 768w, https:\/\/gothein.de\/reiseblog\/wp-content\/uploads\/2019\/08\/incollage_20190821_195453801-960x12005866926686862500944-819x1024.jpg 819w\" sizes=\"auto, (max-width: 960px) 100vw, 960px\" \/><figcaption>Die Donau bei Tuttlingen<\/figcaption><\/figure>\n\n\n\n<figure class=\"wp-block-image\"><img loading=\"lazy\" decoding=\"async\" width=\"960\" height=\"1200\" src=\"https:\/\/gothein.de\/reiseblog\/wp-content\/uploads\/2019\/08\/incollage_20190821_195632473-960x12001749836722397975993.jpg\" alt=\"\" class=\"wp-image-3818\" srcset=\"https:\/\/gothein.de\/reiseblog\/wp-content\/uploads\/2019\/08\/incollage_20190821_195632473-960x12001749836722397975993.jpg 960w, https:\/\/gothein.de\/reiseblog\/wp-content\/uploads\/2019\/08\/incollage_20190821_195632473-960x12001749836722397975993-240x300.jpg 240w, https:\/\/gothein.de\/reiseblog\/wp-content\/uploads\/2019\/08\/incollage_20190821_195632473-960x12001749836722397975993-768x960.jpg 768w, https:\/\/gothein.de\/reiseblog\/wp-content\/uploads\/2019\/08\/incollage_20190821_195632473-960x12001749836722397975993-819x1024.jpg 819w\" sizes=\"auto, (max-width: 960px) 100vw, 960px\" \/><figcaption>Rottweil und rein in den Schwarzwald<\/figcaption><\/figure>\n\n\n\n<p>In Rottweil habe ich es diesmal geschafft das Stadtzentrum zu erreichen. War aber gar nicht so einfach es zu finden. Es bietet sich einem ein imposantes Stadtbild mit gro\u00dfen und breiten Pl\u00e4tzen und Stra\u00dfen. Man kann hier bestimmt einige Zeit verbringen um sich alles anzuschauen. Ab Rottweil ist zu entscheiden, wie es weitergeht. Ich folge im Gro\u00dfen und Ganzen meinem Navigator, der allerdings durch eine E-Bikerin erg\u00e4nzt und optimiert wird, die mir durch die n\u00e4chsten D\u00f6rfer den Weg weist und mich bergauf immer wieder abh\u00e4ngt, bis ich sie bergab wieder einhole. Aber eigentlich wartet sie immer, bevor sie zu weit entfernt ist.<\/p>\n\n\n\n<p>Das letzte Teilst\u00fcck verfahre ich mich zun\u00e4chst und sp\u00e4ter geht es dann auf schottrigen Waldwegen von Lo\u00dfburg durch ein tief eingeschnittenes Tal unter einer Eisenbahnbr\u00fccke \u00fcber Lauterbad zum Ziel. Das Hotel Schwanen liegt zentral, ist preiswert und hat ein sch\u00f6nes gro\u00dfes Zimmer f\u00fcr mich. <\/p>\n\n\n\n        <div id=\"map_ol3js_1\"\n             class=\"map undefined\"\n             data-map_name=\"undefined\"\n             data-map=\"map_ol3js_1\"\n             style=\"width:100%;\n                    max-width:100%;\n                    height:450px;\n                    display:block;\n                    overflow:hidden;\n                    border:2px solid grey;\">\n          <div id=\"map_ol3js_1_popup\" class=\"ol-popup\">\n            <a href=\"#\" id=\"map_ol3js_1_popup-closer\" class=\"ol-popup-closer\"><\/a>\n            <div id=\"map_ol3js_1_popup-content\"><\/div>\n          <\/div>\n        <\/div>\n    \n\n\t\t\t\t<script type=\"text\/javascript\">\n\t\t\t\t\ttranslations['openlayer'] = \"open layer\";\n\t\t\t\t\ttranslations['openlayerAtStartup'] = \"open layer at startup\";\n\t\t\t\t\ttranslations['generateLink'] = \"Der Link zur Karte mit ausgew\u00e4hlten Overlays und angezeigtem Ausschnitt\";\n\t\t\t\t\ttranslations['shortDescription'] = \"Kurzbeschreibung\";\n\t\t\t\t\ttranslations['generatedShortCode'] = \"to get a text control link paste this code in your wordpress editor\";\n\t\t\t\t\ttranslations['closeLayer'] = \"close layer\";\n\t\t\t\t\ttranslations['cantGenerateLink'] = \"put this string in the existing map short code to control this map\";\n\t\t\t  <\/script>\n\n\n\t\t\t  <script type=\"text\/javascript\">\n\t\t\t  vectorM['map_ol3js_1'] = [];\n\t        \n        var raster = getTileLayer(\"osm\",\"NoKey\");\t\t\t\n\n\t\t\t  var map_ol3js_1 = new ol.Map({\n\t\t\t\tinteractions: ol.interaction.defaults.defaults({mouseWheelZoom:false}),\n\t\t\t\tlayers: [raster],\n\t\t\t\ttarget: \"map_ol3js_1\",\n\t\t\t\tview: new ol.View({\n\t\t\t\t  center: ol.proj.transform([8.805524,48.109093], \"EPSG:4326\", \"EPSG:3857\"),\n\t\t\t\t  zoom: 8.489710\n\t\t\t\t})\n\t\t\t  });\n\t\t\t  \n    var style0 = {\n      \"Point\": [new ol.style.Style({\n\n          image: new ol.style.Icon({\n            anchor: [0.5, 41],\n            anchorXUnits: \"fraction\",\n            anchorYUnits: \"pixels\",\n            opacity: 0.75,\n            src: \"https:\/\/gothein.de\/reiseblog\/wp-content\/plugins\/osm\/icons\/mic_blue_pinother_02.png\"\n          })\n      })],\n\n      \"LineString\": [new ol.style.Style({\n        stroke: new ol.style.Stroke({\n          color: \"blue\",\n          width: 8\n        })\n      })],\n      \"MultiLineString\": [new ol.style.Style({\n        stroke: new ol.style.Stroke({\n          color: \"blue\",\n          width: 4\n        })\n      })]\n    };\n\t\t  var vectorL0 = new ol.layer.Vector({\n\t\t\t\tsource: new ol.source.Vector({\n\t\t\t\turl:\"\/reiseblog\/wp-content\/uploads\/gpx\/20190821_Nussdorf.gpx\",\n\t\t\t\tformat: new ol.format.GPX({\n\t\t\t\t\textractStyles: false\n\t\t\t\t})\n\t\t\t}),\n\t\t\tzIndex: 92,\n\t\t\tstyle: function(feature, resolution) {return style0[feature.getGeometry().getType()];}\n\t\t  });\n\t\t  map_ol3js_1.addLayer(vectorL0);addControls2Map(map_ol3js_1,0,0,3,1,5,6,7,0,1);\nosm_addPopupClickhandler(map_ol3js_1,  \"map_ol3js_1\"); \nosm_addMouseHover(map_ol3js_1); <\/script>\n","protected":false},"excerpt":{"rendered":"<p>Nachdem ich nun zwei Tage das schlechte Wetter in der sch\u00f6nen Ferienwohnung in Nu\u00dfdorf aussitzen konnte bin ich heute auf ziemlich direktem Weg nach Freudenstadt gefahren. \u00dcber Stockach, Tuttlingen, Spaichingen, Rottweil und dann verschiedene D\u00f6rfer. W\u00e4hrend es am See noch flach ist, wird es im Hinterland sehr schnell recht wellig und ab Rottweil zunehmen bergiger. [&hellip;]<\/p>\n","protected":false},"author":1,"featured_media":0,"comment_status":"open","ping_status":"open","sticky":false,"template":"","format":"standard","meta":{"ngg_post_thumbnail":0,"_jetpack_memberships_contains_paid_content":false,"footnotes":""},"categories":[1],"tags":[146,147,145,102],"class_list":["post-3812","post","type-post","status-publish","format-standard","hentry","category-allgemein","tag-baden-wuerttemberg","tag-freudenstadt","tag-nussdorf","tag-ueberlingen"],"jetpack_featured_media_url":"","jetpack_sharing_enabled":true,"_links":{"self":[{"href":"https:\/\/gothein.de\/reiseblog\/wp-json\/wp\/v2\/posts\/3812","targetHints":{"allow":["GET"]}}],"collection":[{"href":"https:\/\/gothein.de\/reiseblog\/wp-json\/wp\/v2\/posts"}],"about":[{"href":"https:\/\/gothein.de\/reiseblog\/wp-json\/wp\/v2\/types\/post"}],"author":[{"embeddable":true,"href":"https:\/\/gothein.de\/reiseblog\/wp-json\/wp\/v2\/users\/1"}],"replies":[{"embeddable":true,"href":"https:\/\/gothein.de\/reiseblog\/wp-json\/wp\/v2\/comments?post=3812"}],"version-history":[{"count":0,"href":"https:\/\/gothein.de\/reiseblog\/wp-json\/wp\/v2\/posts\/3812\/revisions"}],"wp:attachment":[{"href":"https:\/\/gothein.de\/reiseblog\/wp-json\/wp\/v2\/media?parent=3812"}],"wp:term":[{"taxonomy":"category","embeddable":true,"href":"https:\/\/gothein.de\/reiseblog\/wp-json\/wp\/v2\/categories?post=3812"},{"taxonomy":"post_tag","embeddable":true,"href":"https:\/\/gothein.de\/reiseblog\/wp-json\/wp\/v2\/tags?post=3812"}],"curies":[{"name":"wp","href":"https:\/\/api.w.org\/{rel}","templated":true}]}}