

{"id":3750,"date":"2019-08-15T09:12:55","date_gmt":"2019-08-15T07:12:55","guid":{"rendered":"http:\/\/gothein.de\/reiseblog\/?p=3750"},"modified":"2021-03-20T09:21:20","modified_gmt":"2021-03-20T08:21:20","slug":"von-strassburg-nach-aubure","status":"publish","type":"post","link":"https:\/\/gothein.de\/reiseblog\/2019\/08\/15\/von-strassburg-nach-aubure\/","title":{"rendered":"Von Stra\u00dfburg nach Aubure"},"content":{"rendered":"<p>Gegen einen kleinen Aufpreis gab es dann im Hotel ein ordentliches Fr\u00fchst\u00fcck. Das Hotel Appart City, in unmittelbarer N\u00e4he zur modernen Kunstgalerie ist in einem alten Energieversorgergeb\u00e4ude untergebracht, 15 Minuten zu gehen bis ins Zentrum oder nach Petite France. \u00dcber Radwege und asphaltierte Feldwege f\u00fchrt mich Garmin nach Obernai meinem ersten Zwischenziel. Dort ist gro\u00dfer Markt rund um das Kirchengel\u00e4nde und ich schiebe das Rad durch das Get\u00fcmmel.<\/p>\n<p><img loading=\"lazy\" decoding=\"async\" class=\"wp-image-3747 alignnone size-full\" src=\"https:\/\/gothein.de\/reiseblog\/wp-content\/uploads\/2019\/08\/incollage_20190815_004251818-960x12004474161174476715907.jpg\" width=\"960\" height=\"1200\" srcset=\"https:\/\/gothein.de\/reiseblog\/wp-content\/uploads\/2019\/08\/incollage_20190815_004251818-960x12004474161174476715907.jpg 960w, https:\/\/gothein.de\/reiseblog\/wp-content\/uploads\/2019\/08\/incollage_20190815_004251818-960x12004474161174476715907-240x300.jpg 240w, https:\/\/gothein.de\/reiseblog\/wp-content\/uploads\/2019\/08\/incollage_20190815_004251818-960x12004474161174476715907-768x960.jpg 768w, https:\/\/gothein.de\/reiseblog\/wp-content\/uploads\/2019\/08\/incollage_20190815_004251818-960x12004474161174476715907-819x1024.jpg 819w\" sizes=\"auto, (max-width: 960px) 100vw, 960px\" \/><\/p>\n<p>Auf der els\u00e4ssichem Weinstra\u00dfe, die ich aber manchmal verfehlt habe, f\u00fchrt der Weg durch viele pittoreske Fachwerkd\u00f6rfer bis nach Selestat. Auch hier wieder eine sehenswerte Altstadt mit beeindruckendem M\u00fcnster. Ich g\u00f6nne mir eine Quiche Lorraine mit Salat und einem Radler. Auf dem Weg sind unz\u00e4hlige Kreuze zwischen den Weinbergen aufgestellt, mit Blick auf Burgen unter denen die K\u00f6nigsburg auf dem kegelf\u00f6rmigen Berg bei Selestat besonders hervor sticht.<\/p>\n<p><img loading=\"lazy\" decoding=\"async\" class=\"wp-image-3748 alignnone size-full\" src=\"https:\/\/gothein.de\/reiseblog\/wp-content\/uploads\/2019\/08\/incollage_20190815_004002355-960x12003917631377943252992.jpg\" width=\"960\" height=\"1200\" srcset=\"https:\/\/gothein.de\/reiseblog\/wp-content\/uploads\/2019\/08\/incollage_20190815_004002355-960x12003917631377943252992.jpg 960w, https:\/\/gothein.de\/reiseblog\/wp-content\/uploads\/2019\/08\/incollage_20190815_004002355-960x12003917631377943252992-240x300.jpg 240w, https:\/\/gothein.de\/reiseblog\/wp-content\/uploads\/2019\/08\/incollage_20190815_004002355-960x12003917631377943252992-768x960.jpg 768w, https:\/\/gothein.de\/reiseblog\/wp-content\/uploads\/2019\/08\/incollage_20190815_004002355-960x12003917631377943252992-819x1024.jpg 819w\" sizes=\"auto, (max-width: 960px) 100vw, 960px\" \/><\/p>\n<p>Das n\u00e4chste Ziel ist Ribeauville, wieder ein sehr sch\u00f6ner Ort. Es ist eine Menge los in der Fu\u00dfg\u00e4ngerzone, die sich durch den ganzen Ort mit Blick auf eine von drei Burgen zieht.<\/p>\n<p><img loading=\"lazy\" decoding=\"async\" class=\"wp-image-3749 alignnone size-full\" src=\"https:\/\/gothein.de\/reiseblog\/wp-content\/uploads\/2019\/08\/incollage_20190815_004507089-960x1200486890293436483743.jpg\" width=\"960\" height=\"1200\" srcset=\"https:\/\/gothein.de\/reiseblog\/wp-content\/uploads\/2019\/08\/incollage_20190815_004507089-960x1200486890293436483743.jpg 960w, https:\/\/gothein.de\/reiseblog\/wp-content\/uploads\/2019\/08\/incollage_20190815_004507089-960x1200486890293436483743-240x300.jpg 240w, https:\/\/gothein.de\/reiseblog\/wp-content\/uploads\/2019\/08\/incollage_20190815_004507089-960x1200486890293436483743-768x960.jpg 768w, https:\/\/gothein.de\/reiseblog\/wp-content\/uploads\/2019\/08\/incollage_20190815_004507089-960x1200486890293436483743-819x1024.jpg 819w\" sizes=\"auto, (max-width: 960px) 100vw, 960px\" \/><\/p>\n<p>Bislang ging es wellig entlang der Weinstra\u00dfe, nun wird es steiler auf dem weg nach Aubure, bzw. muss ich eigentlich noch weiter in das kleine abgelegene Adelspach, bis auf 850 Meter. Es sind wieder 90km aber diesmal haben sich die H\u00f6henmeter auf \u00fcber 1100 angesammelt.<\/p>\n<p>Dort empfangen mich meine Cousine mit ihrer Familie und im weitl\u00e4ufigen Ferienhaus mitten auf der Wiese, umgeben von W\u00e4ldern, wird als erstes gro\u00dfartig gegrillt. Die Sorge, dass ihr Mann zu viel Bier gekauft hat, k\u00f6nnen wir schnell zerstreuen.<\/p>\n<p>Zuletzt schauen wir uns Ribeauville noch einmal bei Nacht an und absolvieren die gleiche Strecke mit dem Auto und es sieht recht steil aus.<\/p>\n<p>Der Wetterbericht f\u00fcr die n\u00e4chsten Tage \u00e4ndert sich st\u00e4ndig.<\/p>\n\n        <div id=\"map_ol3js_1\"\n             class=\"map undefined\"\n             data-map_name=\"undefined\"\n             data-map=\"map_ol3js_1\"\n             style=\"width:100%;\n                    max-width:100%;\n                    height:450px;\n                    display:block;\n                    overflow:hidden;\n                    border:2px solid grey;\">\n          <div id=\"map_ol3js_1_popup\" class=\"ol-popup\">\n            <a href=\"#\" id=\"map_ol3js_1_popup-closer\" class=\"ol-popup-closer\"><\/a>\n            <div id=\"map_ol3js_1_popup-content\"><\/div>\n          <\/div>\n        <\/div>\n    \n\n\t\t\t\t<script type=\"text\/javascript\">\n\t\t\t\t\ttranslations['openlayer'] = \"open layer\";\n\t\t\t\t\ttranslations['openlayerAtStartup'] = \"open layer at startup\";\n\t\t\t\t\ttranslations['generateLink'] = \"Der Link zur Karte mit ausgew\u00e4hlten Overlays und angezeigtem Ausschnitt\";\n\t\t\t\t\ttranslations['shortDescription'] = \"Kurzbeschreibung\";\n\t\t\t\t\ttranslations['generatedShortCode'] = \"to get a text control link paste this code in your wordpress editor\";\n\t\t\t\t\ttranslations['closeLayer'] = \"close layer\";\n\t\t\t\t\ttranslations['cantGenerateLink'] = \"put this string in the existing map short code to control this map\";\n\t\t\t  <\/script>\n\n\n\t\t\t  <script type=\"text\/javascript\">\n\t\t\t  vectorM['map_ol3js_1'] = [];\n\t        \n        var raster = getTileLayer(\"osm\",\"NoKey\");\t\t\t\n\n\t\t\t  var map_ol3js_1 = new ol.Map({\n\t\t\t\tinteractions: ol.interaction.defaults.defaults({mouseWheelZoom:false}),\n\t\t\t\tlayers: [raster],\n\t\t\t\ttarget: \"map_ol3js_1\",\n\t\t\t\tview: new ol.View({\n\t\t\t\t  center: ol.proj.transform([7.468894,48.383527], \"EPSG:4326\", \"EPSG:3857\"),\n\t\t\t\t  zoom: 9.303893\n\t\t\t\t})\n\t\t\t  });\n\t\t\t  \n    var style0 = {\n      \"Point\": [new ol.style.Style({\n\n          image: new ol.style.Icon({\n            anchor: [0.5, 41],\n            anchorXUnits: \"fraction\",\n            anchorYUnits: \"pixels\",\n            opacity: 0.75,\n            src: \"https:\/\/gothein.de\/reiseblog\/wp-content\/plugins\/osm\/icons\/mic_blue_pinother_02.png\"\n          })\n      })],\n\n      \"LineString\": [new ol.style.Style({\n        stroke: new ol.style.Stroke({\n          color: \"blue\",\n          width: 8\n        })\n      })],\n      \"MultiLineString\": [new ol.style.Style({\n        stroke: new ol.style.Stroke({\n          color: \"blue\",\n          width: 4\n        })\n      })]\n    };\n\t\t  var vectorL0 = new ol.layer.Vector({\n\t\t\t\tsource: new ol.source.Vector({\n\t\t\t\turl:\"\/reiseblog\/wp-content\/uploads\/gpx\/20190814_Strassburg.gpx\",\n\t\t\t\tformat: new ol.format.GPX({\n\t\t\t\t\textractStyles: false\n\t\t\t\t})\n\t\t\t}),\n\t\t\tzIndex: 92,\n\t\t\tstyle: function(feature, resolution) {return style0[feature.getGeometry().getType()];}\n\t\t  });\n\t\t  map_ol3js_1.addLayer(vectorL0);addControls2Map(map_ol3js_1,0,0,3,1,5,6,7,0,1);\nosm_addPopupClickhandler(map_ol3js_1,  \"map_ol3js_1\"); \nosm_addMouseHover(map_ol3js_1); <\/script>\n","protected":false},"excerpt":{"rendered":"<p>Gegen einen kleinen Aufpreis gab es dann im Hotel ein ordentliches Fr\u00fchst\u00fcck. Das Hotel Appart City, in unmittelbarer N\u00e4he zur modernen Kunstgalerie ist in einem alten Energieversorgergeb\u00e4ude untergebracht, 15 Minuten zu gehen bis ins Zentrum oder nach Petite France. \u00dcber Radwege und asphaltierte Feldwege f\u00fchrt mich Garmin nach Obernai meinem ersten Zwischenziel. Dort ist gro\u00dfer [&hellip;]<\/p>\n","protected":false},"author":1,"featured_media":0,"comment_status":"open","ping_status":"open","sticky":false,"template":"","format":"standard","meta":{"ngg_post_thumbnail":0,"_jetpack_memberships_contains_paid_content":false,"footnotes":""},"categories":[1],"tags":[141,142,136,137,135],"class_list":["post-3750","post","type-post","status-publish","format-standard","hentry","category-allgemein","tag-adelspach","tag-aubure","tag-elsass","tag-frankreich","tag-strassburg"],"jetpack_featured_media_url":"","jetpack_sharing_enabled":true,"_links":{"self":[{"href":"https:\/\/gothein.de\/reiseblog\/wp-json\/wp\/v2\/posts\/3750","targetHints":{"allow":["GET"]}}],"collection":[{"href":"https:\/\/gothein.de\/reiseblog\/wp-json\/wp\/v2\/posts"}],"about":[{"href":"https:\/\/gothein.de\/reiseblog\/wp-json\/wp\/v2\/types\/post"}],"author":[{"embeddable":true,"href":"https:\/\/gothein.de\/reiseblog\/wp-json\/wp\/v2\/users\/1"}],"replies":[{"embeddable":true,"href":"https:\/\/gothein.de\/reiseblog\/wp-json\/wp\/v2\/comments?post=3750"}],"version-history":[{"count":0,"href":"https:\/\/gothein.de\/reiseblog\/wp-json\/wp\/v2\/posts\/3750\/revisions"}],"wp:attachment":[{"href":"https:\/\/gothein.de\/reiseblog\/wp-json\/wp\/v2\/media?parent=3750"}],"wp:term":[{"taxonomy":"category","embeddable":true,"href":"https:\/\/gothein.de\/reiseblog\/wp-json\/wp\/v2\/categories?post=3750"},{"taxonomy":"post_tag","embeddable":true,"href":"https:\/\/gothein.de\/reiseblog\/wp-json\/wp\/v2\/tags?post=3750"}],"curies":[{"name":"wp","href":"https:\/\/api.w.org\/{rel}","templated":true}]}}