

{"id":3519,"date":"2019-04-24T19:55:55","date_gmt":"2019-04-24T17:55:55","guid":{"rendered":"http:\/\/gothein.de\/reiseblog\/?p=3519"},"modified":"2019-04-25T07:28:10","modified_gmt":"2019-04-25T05:28:10","slug":"von-heidelberg-zum-kloster-hirsau","status":"publish","type":"post","link":"https:\/\/gothein.de\/reiseblog\/2019\/04\/24\/von-heidelberg-zum-kloster-hirsau\/","title":{"rendered":"Von Heidelberg zum Kloster Hirsau"},"content":{"rendered":"<p>Heute habe ich mich zur ersten etwas l\u00e4ngeren Radtour aufgemacht. Der ausgeschilderte Radroute Heidelberg Schwarzwald Bodensee geht fast vor der Haust\u00fcr los und f\u00fchrt bis Radolfzell. Bis zur Ferienwohnung in Nu\u00dfdorf nur noch ein Katzensprung. Die erste Etappe endet kurz vor Calw beim Kloster Hotel Hirsau.<\/p>\n<p><img loading=\"lazy\" decoding=\"async\" class=\"wp-image-3516 alignnone size-full\" src=\"https:\/\/gothein.de\/reiseblog\/wp-content\/uploads\/2019\/04\/incollage_20190424_184501964-960x12004347413058253098581.jpg\" width=\"960\" height=\"1200\" data-temp-aztec-id=\"8a9f4a58-437a-415b-80f3-72905b9f31a5\" srcset=\"https:\/\/gothein.de\/reiseblog\/wp-content\/uploads\/2019\/04\/incollage_20190424_184501964-960x12004347413058253098581.jpg 960w, https:\/\/gothein.de\/reiseblog\/wp-content\/uploads\/2019\/04\/incollage_20190424_184501964-960x12004347413058253098581-240x300.jpg 240w, https:\/\/gothein.de\/reiseblog\/wp-content\/uploads\/2019\/04\/incollage_20190424_184501964-960x12004347413058253098581-768x960.jpg 768w, https:\/\/gothein.de\/reiseblog\/wp-content\/uploads\/2019\/04\/incollage_20190424_184501964-960x12004347413058253098581-819x1024.jpg 819w\" sizes=\"auto, (max-width: 960px) 100vw, 960px\" \/><\/p>\n<p>Zun\u00e4chst geht es relativ gut beschildert und fern der gro\u00dfen Bundesstra\u00dfen \u00fcber Felder, durch W\u00e4lder, meistens asphaltiert aber nach St. Leon Rot war ein kurzes St\u00fcck Schotter und nach Bretten lief der Weg 4km durch einen Wald mit festen aber ungepflasterten Waldwegen, teilweise mit kurzen giftigen Anstiegen um die 10%.<\/p>\n<p>Vor Bruchsal fahre ich durch unz\u00e4hlige Spargelfelder. In Bruchsal gibt es das Schloss zumindest von au\u00dfen zu sehen und in Bretten das Melanchton Haus. Ab Bruchsal ist es h\u00fcgelig.<\/p>\n<p><img loading=\"lazy\" decoding=\"async\" class=\"wp-image-3517 alignnone size-full\" src=\"https:\/\/gothein.de\/reiseblog\/wp-content\/uploads\/2019\/04\/incollage_20190424_184340305-960x12004016930213792474781.jpg\" width=\"960\" height=\"1200\" srcset=\"https:\/\/gothein.de\/reiseblog\/wp-content\/uploads\/2019\/04\/incollage_20190424_184340305-960x12004016930213792474781.jpg 960w, https:\/\/gothein.de\/reiseblog\/wp-content\/uploads\/2019\/04\/incollage_20190424_184340305-960x12004016930213792474781-240x300.jpg 240w, https:\/\/gothein.de\/reiseblog\/wp-content\/uploads\/2019\/04\/incollage_20190424_184340305-960x12004016930213792474781-768x960.jpg 768w, https:\/\/gothein.de\/reiseblog\/wp-content\/uploads\/2019\/04\/incollage_20190424_184340305-960x12004016930213792474781-819x1024.jpg 819w\" sizes=\"auto, (max-width: 960px) 100vw, 960px\" \/><\/p>\n<p>In Pforzheim geht es \u00fcber die Enz und die F\u00fchrung des Radweges schafft es tats\u00e4chlich diesen Verkehrsmoloch einigerma\u00dfen sanft zu durchqueren. Ab Pforzheim folgt der Weg dann der Nagold. Das ist wundersch\u00f6n, immer ohne Verkehr entlang des glitzernden Flusses. Im etwas entt\u00e4uschend lieblosen Bad Liebenzell bekomme ich meinen K\u00e4sekuchen. Danach ist es nur ein kurzes St\u00fcck bis Hirsau. Mein Rad wird sicher in der Garage eingeschlossen. Statt Wellness Programm im 4 Sterne Hotel, was es last minute sehr preiswert gab, entscheide ich mich daf\u00fcr mir die Klosterruinen anzuschauen und das ist sehr beeindruckend. Da w\u00e4re ich wohl sonst kaum hingekommen.<\/p>\n<p><img loading=\"lazy\" decoding=\"async\" class=\"wp-image-3518 alignnone size-full\" src=\"https:\/\/gothein.de\/reiseblog\/wp-content\/uploads\/2019\/04\/incollage_20190424_184120281-960x12005808431601541444716.jpg\" width=\"960\" height=\"1200\" srcset=\"https:\/\/gothein.de\/reiseblog\/wp-content\/uploads\/2019\/04\/incollage_20190424_184120281-960x12005808431601541444716.jpg 960w, https:\/\/gothein.de\/reiseblog\/wp-content\/uploads\/2019\/04\/incollage_20190424_184120281-960x12005808431601541444716-240x300.jpg 240w, https:\/\/gothein.de\/reiseblog\/wp-content\/uploads\/2019\/04\/incollage_20190424_184120281-960x12005808431601541444716-768x960.jpg 768w, https:\/\/gothein.de\/reiseblog\/wp-content\/uploads\/2019\/04\/incollage_20190424_184120281-960x12005808431601541444716-819x1024.jpg 819w\" sizes=\"auto, (max-width: 960px) 100vw, 960px\" \/><\/p>\n<p>Leider zieht das Wetter nun zu. Gewitter ist angesagt, der Wind wird st\u00e4rker, nachdem den ganzen Tag nur wenige Schleierwolken vor blauem Himmel zu sehen waren. Mal sehen ob es morgen noch h\u00e4lt, der K\u00e4lteschock wird f\u00fcr Freitag angedroht.<\/p>\n\n        <div id=\"map_ol3js_1\"\n             class=\"map undefined\"\n             data-map_name=\"undefined\"\n             data-map=\"map_ol3js_1\"\n             style=\"width:100%;\n                    max-width:100%;\n                    height:450px;\n                    display:block;\n                    overflow:hidden;\n                    border:2px solid grey;\">\n          <div id=\"map_ol3js_1_popup\" class=\"ol-popup\">\n            <a href=\"#\" id=\"map_ol3js_1_popup-closer\" class=\"ol-popup-closer\"><\/a>\n            <div id=\"map_ol3js_1_popup-content\"><\/div>\n          <\/div>\n        <\/div>\n    \n\n\t\t\t\t<script type=\"text\/javascript\">\n\t\t\t\t\ttranslations['openlayer'] = \"open layer\";\n\t\t\t\t\ttranslations['openlayerAtStartup'] = \"open layer at startup\";\n\t\t\t\t\ttranslations['generateLink'] = \"Der Link zur Karte mit ausgew\u00e4hlten Overlays und angezeigtem Ausschnitt\";\n\t\t\t\t\ttranslations['shortDescription'] = \"Kurzbeschreibung\";\n\t\t\t\t\ttranslations['generatedShortCode'] = \"to get a text control link paste this code in your wordpress editor\";\n\t\t\t\t\ttranslations['closeLayer'] = \"close layer\";\n\t\t\t\t\ttranslations['cantGenerateLink'] = \"put this string in the existing map short code to control this map\";\n\t\t\t  <\/script>\n\n\n\t\t\t  <script type=\"text\/javascript\">\n\t\t\t  vectorM['map_ol3js_1'] = [];\n\t        \n        var raster = getTileLayer(\"osm\",\"NoKey\");\t\t\t\n\n\t\t\t  var map_ol3js_1 = new ol.Map({\n\t\t\t\tinteractions: ol.interaction.defaults.defaults({mouseWheelZoom:false}),\n\t\t\t\tlayers: [raster],\n\t\t\t\ttarget: \"map_ol3js_1\",\n\t\t\t\tview: new ol.View({\n\t\t\t\t  center: ol.proj.transform([8.665026,49.058606], \"EPSG:4326\", \"EPSG:3857\"),\n\t\t\t\t  zoom: 8.921263\n\t\t\t\t})\n\t\t\t  });\n\t\t\t  \n    var style0 = {\n      \"Point\": [new ol.style.Style({\n\n          image: new ol.style.Icon({\n            anchor: [0.5, 41],\n            anchorXUnits: \"fraction\",\n            anchorYUnits: \"pixels\",\n            opacity: 0.75,\n            src: \"https:\/\/gothein.de\/reiseblog\/wp-content\/plugins\/osm\/icons\/mic_blue_pinother_02.png\"\n          })\n      })],\n\n      \"LineString\": [new ol.style.Style({\n        stroke: new ol.style.Stroke({\n          color: \"blue\",\n          width: 8\n        })\n      })],\n      \"MultiLineString\": [new ol.style.Style({\n        stroke: new ol.style.Stroke({\n          color: \"blue\",\n          width: 4\n        })\n      })]\n    };\n\t\t  var vectorL0 = new ol.layer.Vector({\n\t\t\t\tsource: new ol.source.Vector({\n\t\t\t\turl:\"\/reiseblog\/wp-content\/uploads\/gpx\/20190424_Heidelberg_Hirsau.gpx\",\n\t\t\t\tformat: new ol.format.GPX({\n\t\t\t\t\textractStyles: false\n\t\t\t\t})\n\t\t\t}),\n\t\t\tzIndex: 92,\n\t\t\tstyle: function(feature, resolution) {return style0[feature.getGeometry().getType()];}\n\t\t  });\n\t\t  map_ol3js_1.addLayer(vectorL0);addControls2Map(map_ol3js_1,0,0,3,1,5,6,7,0,1);\nosm_addPopupClickhandler(map_ol3js_1,  \"map_ol3js_1\"); \nosm_addMouseHover(map_ol3js_1); <\/script>\n<p>Insgesamt waren es 101km und 720 H\u00f6henmeter.<\/p>\n","protected":false},"excerpt":{"rendered":"<p>Heute habe ich mich zur ersten etwas l\u00e4ngeren Radtour aufgemacht. Der ausgeschilderte Radroute Heidelberg Schwarzwald Bodensee geht fast vor der Haust\u00fcr los und f\u00fchrt bis Radolfzell. Bis zur Ferienwohnung in Nu\u00dfdorf nur noch ein Katzensprung. Die erste Etappe endet kurz vor Calw beim Kloster Hotel Hirsau. Zun\u00e4chst geht es relativ gut beschildert und fern der [&hellip;]<\/p>\n","protected":false},"author":1,"featured_media":0,"comment_status":"open","ping_status":"open","sticky":false,"template":"","format":"standard","meta":{"ngg_post_thumbnail":0,"_jetpack_memberships_contains_paid_content":false,"footnotes":""},"categories":[1],"tags":[],"class_list":["post-3519","post","type-post","status-publish","format-standard","hentry","category-allgemein"],"jetpack_featured_media_url":"","jetpack_sharing_enabled":true,"_links":{"self":[{"href":"https:\/\/gothein.de\/reiseblog\/wp-json\/wp\/v2\/posts\/3519","targetHints":{"allow":["GET"]}}],"collection":[{"href":"https:\/\/gothein.de\/reiseblog\/wp-json\/wp\/v2\/posts"}],"about":[{"href":"https:\/\/gothein.de\/reiseblog\/wp-json\/wp\/v2\/types\/post"}],"author":[{"embeddable":true,"href":"https:\/\/gothein.de\/reiseblog\/wp-json\/wp\/v2\/users\/1"}],"replies":[{"embeddable":true,"href":"https:\/\/gothein.de\/reiseblog\/wp-json\/wp\/v2\/comments?post=3519"}],"version-history":[{"count":0,"href":"https:\/\/gothein.de\/reiseblog\/wp-json\/wp\/v2\/posts\/3519\/revisions"}],"wp:attachment":[{"href":"https:\/\/gothein.de\/reiseblog\/wp-json\/wp\/v2\/media?parent=3519"}],"wp:term":[{"taxonomy":"category","embeddable":true,"href":"https:\/\/gothein.de\/reiseblog\/wp-json\/wp\/v2\/categories?post=3519"},{"taxonomy":"post_tag","embeddable":true,"href":"https:\/\/gothein.de\/reiseblog\/wp-json\/wp\/v2\/tags?post=3519"}],"curies":[{"name":"wp","href":"https:\/\/api.w.org\/{rel}","templated":true}]}}