{"id":3482,"date":"2018-11-03T03:02:35","date_gmt":"2018-11-03T10:02:35","guid":{"rendered":"http:\/\/gothein.de\/reiseblog\/?p=3482"},"modified":"2018-11-05T01:05:24","modified_gmt":"2018-11-05T09:05:24","slug":"ein-langes-wochenende-in-florenz","status":"publish","type":"post","link":"https:\/\/gothein.de\/reiseblog\/2018\/11\/03\/ein-langes-wochenende-in-florenz\/","title":{"rendered":"Ein langes Wochenende in Florenz"},"content":{"rendered":"<p>Zu viert verbringen wir ein langes Wochenende in Florenz. Die Wettervorhersage ist katastrophal und im S\u00fcden, in Rom und in den Alpen haben Regen- und Hagelst\u00fcrme gew\u00fctet. Der Markusplatz in Venedig steht unter Wasser und in Genua wurde der Hafen und der Flughafen gesperrt. Beste Voraussetzungen also. Unsere Erwartungen sind eher auf niedrigem Niveau.<\/p>\n<p>Umso erfreulicher, dass es kaum regnet, relativ warm und windstill ist.<\/p>\n<p><img loading=\"lazy\" decoding=\"async\" class=\"wp-image-3478 alignnone size-full\" src=\"https:\/\/gothein.de\/reiseblog\/wp-content\/uploads\/2018\/11\/incollage_20181103_103405771-1440x18002811276279756559047.jpg\" width=\"1440\" height=\"1800\" srcset=\"https:\/\/gothein.de\/reiseblog\/wp-content\/uploads\/2018\/11\/incollage_20181103_103405771-1440x18002811276279756559047.jpg 1440w, https:\/\/gothein.de\/reiseblog\/wp-content\/uploads\/2018\/11\/incollage_20181103_103405771-1440x18002811276279756559047-240x300.jpg 240w, https:\/\/gothein.de\/reiseblog\/wp-content\/uploads\/2018\/11\/incollage_20181103_103405771-1440x18002811276279756559047-768x960.jpg 768w, https:\/\/gothein.de\/reiseblog\/wp-content\/uploads\/2018\/11\/incollage_20181103_103405771-1440x18002811276279756559047-819x1024.jpg 819w\" sizes=\"auto, (max-width: 1440px) 100vw, 1440px\" \/><\/p>\n<p>Gleich am Donnerstag Nachmittag haben wir eine F\u00fchrung durch die Uffizien gebucht und sind begeistert \u00fcber die kompetenten und unterhaltsamen Erl\u00e4uterungen, die wir zu ausgew\u00e4hlten Werken von der netten F\u00fchrerin Annette bekommen.<\/p>\n<p>Abends bekommen wir ein sehr gutes Abendessen im Mattacena in der Via del Moro, in der N\u00e4he unseres Hotels de la Ville. Abwechslungsreiche Karte mit f\u00fcr Florenz durchschnittlichem Preisniveau und es hat allen gut geschmeckt. <\/p>\n<p>Auch f\u00fcr den n\u00e4chsten Vormittag, bereits um 8:30 haben wir eine Stadtf\u00fchrung gebucht. Es geht los bei und in der Academia. Die Wartezeit verk\u00fcrzt uns unser F\u00fchrer mit Geschichten \u00fcber die Stadt und die Medici, die er nicht besonders zu m\u00f6gen scheint. Zuerst finde ich es ein bisschen schade, dass er in der Academia so auf Michelangelo und die Davidstatue fokussiert ist, aber muss nun sagen, das hat sich wirklich gelohnt so detailliert uber K\u00fcnstler, sein Leben und Arbeit und Entstehungsgeschichte und Symbolik zu lernen.<\/p>\n<p><img loading=\"lazy\" decoding=\"async\" class=\"wp-image-3479 alignnone size-full\" src=\"https:\/\/gothein.de\/reiseblog\/wp-content\/uploads\/2018\/11\/incollage_20181103_102402116-1440x18006123135301749766769.jpg\" width=\"1440\" height=\"1800\" data-temp-aztec-id=\"2a863aa4-da34-4a3c-adc1-98fbbfe5f0f5\" srcset=\"https:\/\/gothein.de\/reiseblog\/wp-content\/uploads\/2018\/11\/incollage_20181103_102402116-1440x18006123135301749766769.jpg 1440w, https:\/\/gothein.de\/reiseblog\/wp-content\/uploads\/2018\/11\/incollage_20181103_102402116-1440x18006123135301749766769-240x300.jpg 240w, https:\/\/gothein.de\/reiseblog\/wp-content\/uploads\/2018\/11\/incollage_20181103_102402116-1440x18006123135301749766769-768x960.jpg 768w, https:\/\/gothein.de\/reiseblog\/wp-content\/uploads\/2018\/11\/incollage_20181103_102402116-1440x18006123135301749766769-819x1024.jpg 819w\" sizes=\"auto, (max-width: 1440px) 100vw, 1440px\" \/><\/p>\n<p>Auch auf dem Weg \u00fcber den Medicipalast zum Dom und dann weiter \u00fcber den Palazzo Veccio zur Ponte Veccio bekommen wir sehr interessante und kurzweilig erz\u00e4hlte Information \u00fcber Stadtgeschichte und Sehensw\u00fcrdigkeiten, so dass ich auch hier \u00e4u\u00dferst angetan \u00fcber Kenntnis und Stil des F\u00fchrers bin. Da er zweisprachig aufwuchs ist sein Englisch hervorragend verst\u00e4ndlich.<\/p>\n<p><img loading=\"lazy\" decoding=\"async\" class=\"wp-image-3480 alignnone size-full\" src=\"https:\/\/gothein.de\/reiseblog\/wp-content\/uploads\/2018\/11\/incollage_20181103_102839145-1440x18008377404440825427155.jpg\" width=\"1440\" height=\"1800\" srcset=\"https:\/\/gothein.de\/reiseblog\/wp-content\/uploads\/2018\/11\/incollage_20181103_102839145-1440x18008377404440825427155.jpg 1440w, https:\/\/gothein.de\/reiseblog\/wp-content\/uploads\/2018\/11\/incollage_20181103_102839145-1440x18008377404440825427155-240x300.jpg 240w, https:\/\/gothein.de\/reiseblog\/wp-content\/uploads\/2018\/11\/incollage_20181103_102839145-1440x18008377404440825427155-768x960.jpg 768w, https:\/\/gothein.de\/reiseblog\/wp-content\/uploads\/2018\/11\/incollage_20181103_102839145-1440x18008377404440825427155-819x1024.jpg 819w\" sizes=\"auto, (max-width: 1440px) 100vw, 1440px\" \/><\/p>\n<p>Der Rest des Tages beginnt mit einem kleinen Spaziergang hoch zur Piazza Michelangelo mit Bronzedavid und Blick \u00fcber Arno und Stadt. Damit haben wir uns unser Mittagessen (ein Kilo Bistecca Fiorentina zu zweit und einem Liter Wein) im Ristorante Chianineria in der Via dei Cerchi verdient. Nicht billig und man muss ein bisschen Zeit mitbringen um einen Platz zu kommen, aber eine echte Empfehlung. Da k\u00f6nnen wir den Rest des Tages nur noch gem\u00fctlich durch die unz\u00e4hligen G\u00e4sschen mit unz\u00e4hligen Gesch\u00e4ften schlendern um gegen Abend die Kirche San Lorenzo und den Dom langsam wieder zum Hotel kommen.<\/p>\n<p><img loading=\"lazy\" decoding=\"async\" class=\"wp-image-3481 alignnone size-full\" src=\"https:\/\/gothein.de\/reiseblog\/wp-content\/uploads\/2018\/11\/incollage_20181103_102231043-1440x18001481836074922823446.jpg\" width=\"1440\" height=\"1800\" srcset=\"https:\/\/gothein.de\/reiseblog\/wp-content\/uploads\/2018\/11\/incollage_20181103_102231043-1440x18001481836074922823446.jpg 1440w, https:\/\/gothein.de\/reiseblog\/wp-content\/uploads\/2018\/11\/incollage_20181103_102231043-1440x18001481836074922823446-240x300.jpg 240w, https:\/\/gothein.de\/reiseblog\/wp-content\/uploads\/2018\/11\/incollage_20181103_102231043-1440x18001481836074922823446-768x960.jpg 768w, https:\/\/gothein.de\/reiseblog\/wp-content\/uploads\/2018\/11\/incollage_20181103_102231043-1440x18001481836074922823446-819x1024.jpg 819w\" sizes=\"auto, (max-width: 1440px) 100vw, 1440px\" \/><\/p>\n<p>Der Abend klingt bei ziemlich guter Live Musik im Caffe Concerto Paszkowskiin vor dem Savoy aus und bis auf Kai muss auch keiner mehr was essen. Preiswert ist es nicht, aber es gibt Bier im Ma\u00dfkrug. <\/p>\n<p>Meine kritische Haltung gegen\u00fcber gebuchten F\u00fchrungen kann ich aufgrund der beiden sehr gelungenen F\u00fchrungen revidieren. Wermutstropfen sind die internationalen Menschenmassen, die die Stadt bev\u00f6lkern. Denn das lange Wochenende hat nicht nur uns auf die Idee gebracht einen Ausflug nach Italien zu unternehmen.<\/p>\n","protected":false},"excerpt":{"rendered":"<p>Zu viert verbringen wir ein langes Wochenende in Florenz. Die Wettervorhersage ist katastrophal und im S\u00fcden, in Rom und in den Alpen haben Regen- und Hagelst\u00fcrme gew\u00fctet. Der Markusplatz in Venedig steht unter Wasser und in Genua wurde der Hafen und der Flughafen gesperrt. Beste Voraussetzungen also. Unsere Erwartungen sind eher auf niedrigem Niveau. Umso [&hellip;]<\/p>\n","protected":false},"author":1,"featured_media":0,"comment_status":"open","ping_status":"open","sticky":false,"template":"","format":"standard","meta":{"ngg_post_thumbnail":0,"_jetpack_memberships_contains_paid_content":false,"footnotes":""},"categories":[1],"tags":[129,113,128],"class_list":["post-3482","post","type-post","status-publish","format-standard","hentry","category-allgemein","tag-florenz","tag-italien","tag-toskana"],"jetpack_featured_media_url":"","jetpack_sharing_enabled":true,"_links":{"self":[{"href":"https:\/\/gothein.de\/reiseblog\/wp-json\/wp\/v2\/posts\/3482","targetHints":{"allow":["GET"]}}],"collection":[{"href":"https:\/\/gothein.de\/reiseblog\/wp-json\/wp\/v2\/posts"}],"about":[{"href":"https:\/\/gothein.de\/reiseblog\/wp-json\/wp\/v2\/types\/post"}],"author":[{"embeddable":true,"href":"https:\/\/gothein.de\/reiseblog\/wp-json\/wp\/v2\/users\/1"}],"replies":[{"embeddable":true,"href":"https:\/\/gothein.de\/reiseblog\/wp-json\/wp\/v2\/comments?post=3482"}],"version-history":[{"count":0,"href":"https:\/\/gothein.de\/reiseblog\/wp-json\/wp\/v2\/posts\/3482\/revisions"}],"wp:attachment":[{"href":"https:\/\/gothein.de\/reiseblog\/wp-json\/wp\/v2\/media?parent=3482"}],"wp:term":[{"taxonomy":"category","embeddable":true,"href":"https:\/\/gothein.de\/reiseblog\/wp-json\/wp\/v2\/categories?post=3482"},{"taxonomy":"post_tag","embeddable":true,"href":"https:\/\/gothein.de\/reiseblog\/wp-json\/wp\/v2\/tags?post=3482"}],"curies":[{"name":"wp","href":"https:\/\/api.w.org\/{rel}","templated":true}]}}