{"id":3471,"date":"2018-10-09T07:42:07","date_gmt":"2018-10-09T14:42:07","guid":{"rendered":"http:\/\/gothein.de\/reiseblog\/?p=3471"},"modified":"2018-10-09T07:42:07","modified_gmt":"2018-10-09T14:42:07","slug":"castel-del-monte-und-trani","status":"publish","type":"post","link":"https:\/\/gothein.de\/reiseblog\/2018\/10\/09\/castel-del-monte-und-trani\/","title":{"rendered":"Castel del Monte und Trani"},"content":{"rendered":"<p>Wer in Heidelberg lebt, in der letzten Stefan George Ausstellung war und die Biografie \u00fcber Friedrich II von Ernst Kantorowicz gelesen hat, der darf nat\u00fcrlich die Chance das Castel del Monte zu besichtigen nicht vorbei ziehen lassen, auch wenn es 100 km entfernt ist. Die Navigation in unserem Renault h\u00e4lt zun\u00e4chst \u00dcberraschungen bereit, denn auf einmal endet die Stra\u00dfe an einem M\u00fcllberg und wir werden 2km \u00fcber Landwirtschaftswege durch Olivenb\u00e4ume geleitet. Diese Wege waren so voller tiefer Schlagl\u00f6cher, dass wir kaum schneller als Schrittgeschwindigkeit voran kamen.<\/p>\n<p>Das achteckige Bauwerk mit den acht achteckigen T\u00fcrmen ist bereits von weitem auf dem H\u00fcgel zu sehen. In der Nebensaison haben wir gerade noch einen Parkplatz oben bekommen, auch wenn uns unser Renault permanent versucht davon zu \u00fcberzeugen, wieder umzukehren.<\/p>\n<p>Das Geb\u00e4ude von au\u00dfen ist schon gro\u00dfartig, dagegen ist es im Inneren eher karg.<\/p>\n<p><img loading=\"lazy\" decoding=\"async\" src=\"https:\/\/gothein.de\/reiseblog\/wp-content\/uploads\/2018\/10\/incollage_20181009_152216435-1440x18002922349851661077217.jpg\" class=\"alignnone size-full wp-image-3469\" width=\"1440\" height=\"1800\" srcset=\"https:\/\/gothein.de\/reiseblog\/wp-content\/uploads\/2018\/10\/incollage_20181009_152216435-1440x18002922349851661077217.jpg 1440w, https:\/\/gothein.de\/reiseblog\/wp-content\/uploads\/2018\/10\/incollage_20181009_152216435-1440x18002922349851661077217-240x300.jpg 240w, https:\/\/gothein.de\/reiseblog\/wp-content\/uploads\/2018\/10\/incollage_20181009_152216435-1440x18002922349851661077217-768x960.jpg 768w, https:\/\/gothein.de\/reiseblog\/wp-content\/uploads\/2018\/10\/incollage_20181009_152216435-1440x18002922349851661077217-819x1024.jpg 819w\" sizes=\"auto, (max-width: 1440px) 100vw, 1440px\" \/><\/p>\n<p>Um die ganzen geheimnisvollen Geschichten rund um das Kastell zu erkunden braucht man viel Zeit, die wir uns nicht nehmen. Im Innern sind viele Seiten und Textstellen des ber\u00fchmten Falkenbuches ausgestellt, aber auch das studiert sich einfacher zu Hause oder in der Bibliothek.<\/p>\n<p>Im  Anschlu\u00df, bei str\u00f6mendem Regen und \u00fcberfluteten Stra\u00dfen, fahren wir weiter nach Trani, den Anweisungen des Renault trotzend, der unbedingt links \u00fcber die Bahnlinie will, finden wir Altstadt und Hafen, wo ein zweites Staufer Kastell und eine tolle Kathedrale zu sehen sind.<\/p>\n<p>Bei nun wieder blauem Himmel ist der Ort mit dem sch\u00f6nem Hafen und engen G\u00e4sschen mit wei\u00dfem Marmor sehenswert.<\/p>\n<p><img loading=\"lazy\" decoding=\"async\" src=\"https:\/\/gothein.de\/reiseblog\/wp-content\/uploads\/2018\/10\/incollage_20181009_152848322-1440x18006389566754005814889.jpg\" class=\"wp-image-3470 alignnone size-full\" width=\"1440\" height=\"1800\" srcset=\"https:\/\/gothein.de\/reiseblog\/wp-content\/uploads\/2018\/10\/incollage_20181009_152848322-1440x18006389566754005814889.jpg 1440w, https:\/\/gothein.de\/reiseblog\/wp-content\/uploads\/2018\/10\/incollage_20181009_152848322-1440x18006389566754005814889-240x300.jpg 240w, https:\/\/gothein.de\/reiseblog\/wp-content\/uploads\/2018\/10\/incollage_20181009_152848322-1440x18006389566754005814889-768x960.jpg 768w, https:\/\/gothein.de\/reiseblog\/wp-content\/uploads\/2018\/10\/incollage_20181009_152848322-1440x18006389566754005814889-819x1024.jpg 819w\" sizes=\"auto, (max-width: 1440px) 100vw, 1440px\" \/><\/p>\n<p>Auf dem R\u00fcckweg besteht der allgemeine Wunsch im Outlet Village bei Bari zu halten. Nachdem ich das dem kalifornischen Mission Style nachempfundene Dorf zweimal durchrundet habe, setze ich mich in den Western Saloon, trinke ein gro\u00dfes Bier und warte, bis wir dann schon recht sp\u00e4t wieder nach Polignano zur\u00fcck fahren k\u00f6nnen.<\/p>\n","protected":false},"excerpt":{"rendered":"<p>Wer in Heidelberg lebt, in der letzten Stefan George Ausstellung war und die Biografie \u00fcber Friedrich II von Ernst Kantorowicz gelesen hat, der darf nat\u00fcrlich die Chance das Castel del Monte zu besichtigen nicht vorbei ziehen lassen, auch wenn es 100 km entfernt ist. Die Navigation in unserem Renault h\u00e4lt zun\u00e4chst \u00dcberraschungen bereit, denn auf [&hellip;]<\/p>\n","protected":false},"author":1,"featured_media":0,"comment_status":"open","ping_status":"open","sticky":false,"template":"","format":"standard","meta":{"ngg_post_thumbnail":0,"_jetpack_memberships_contains_paid_content":false,"footnotes":""},"categories":[1],"tags":[117,125,113,126],"class_list":["post-3471","post","type-post","status-publish","format-standard","hentry","category-allgemein","tag-apulien","tag-castel-del-monte","tag-italien","tag-trani"],"jetpack_featured_media_url":"","jetpack_sharing_enabled":true,"_links":{"self":[{"href":"https:\/\/gothein.de\/reiseblog\/wp-json\/wp\/v2\/posts\/3471","targetHints":{"allow":["GET"]}}],"collection":[{"href":"https:\/\/gothein.de\/reiseblog\/wp-json\/wp\/v2\/posts"}],"about":[{"href":"https:\/\/gothein.de\/reiseblog\/wp-json\/wp\/v2\/types\/post"}],"author":[{"embeddable":true,"href":"https:\/\/gothein.de\/reiseblog\/wp-json\/wp\/v2\/users\/1"}],"replies":[{"embeddable":true,"href":"https:\/\/gothein.de\/reiseblog\/wp-json\/wp\/v2\/comments?post=3471"}],"version-history":[{"count":0,"href":"https:\/\/gothein.de\/reiseblog\/wp-json\/wp\/v2\/posts\/3471\/revisions"}],"wp:attachment":[{"href":"https:\/\/gothein.de\/reiseblog\/wp-json\/wp\/v2\/media?parent=3471"}],"wp:term":[{"taxonomy":"category","embeddable":true,"href":"https:\/\/gothein.de\/reiseblog\/wp-json\/wp\/v2\/categories?post=3471"},{"taxonomy":"post_tag","embeddable":true,"href":"https:\/\/gothein.de\/reiseblog\/wp-json\/wp\/v2\/tags?post=3471"}],"curies":[{"name":"wp","href":"https:\/\/api.w.org\/{rel}","templated":true}]}}