

{"id":3467,"date":"2018-10-07T10:28:55","date_gmt":"2018-10-07T17:28:55","guid":{"rendered":"http:\/\/gothein.de\/reiseblog\/?p=3467"},"modified":"2018-10-07T10:28:55","modified_gmt":"2018-10-07T17:28:55","slug":"blauer-himmel-in-polignano","status":"publish","type":"post","link":"https:\/\/gothein.de\/reiseblog\/2018\/10\/07\/blauer-himmel-in-polignano\/","title":{"rendered":"Blauer Himmel in Polignano"},"content":{"rendered":"<p>Gestern Abend haben wir uns Polignano bei Nacht angeschaut und die Nahaufnahme Qualit\u00e4t meines Huawei getestet.<\/p>\n<p><img loading=\"lazy\" decoding=\"async\" class=\"wp-image-3464 alignnone size-full\" src=\"https:\/\/gothein.de\/reiseblog\/wp-content\/uploads\/2018\/10\/incollage_20181007_190040137-1440x1800176622505897279521.jpg\" width=\"1440\" height=\"1800\" data-temp-aztec-id=\"67cd087b-ad7b-4e19-be55-74e696014b57\" srcset=\"https:\/\/gothein.de\/reiseblog\/wp-content\/uploads\/2018\/10\/incollage_20181007_190040137-1440x1800176622505897279521.jpg 1440w, https:\/\/gothein.de\/reiseblog\/wp-content\/uploads\/2018\/10\/incollage_20181007_190040137-1440x1800176622505897279521-240x300.jpg 240w, https:\/\/gothein.de\/reiseblog\/wp-content\/uploads\/2018\/10\/incollage_20181007_190040137-1440x1800176622505897279521-768x960.jpg 768w, https:\/\/gothein.de\/reiseblog\/wp-content\/uploads\/2018\/10\/incollage_20181007_190040137-1440x1800176622505897279521-819x1024.jpg 819w\" sizes=\"auto, (max-width: 1440px) 100vw, 1440px\" \/><\/p>\n<p>Heute ist der Himmel blau. Ab und zu ziehen ein paar Wolken an der Sonne vorbei aber das hindert uns nicht daran mit Badezeug zum Porto Paradiso zu spazieren wo man in einer kleinen gesch\u00fctzten Bucht wunderbar baden und auch von den Felsen springen kann.<\/p>\n<p><img loading=\"lazy\" decoding=\"async\" class=\"wp-image-3465 alignnone size-full\" src=\"https:\/\/gothein.de\/reiseblog\/wp-content\/uploads\/2018\/10\/incollage_20181007_190342157-1440x18007913103243676954781.jpg\" width=\"1440\" height=\"1800\" srcset=\"https:\/\/gothein.de\/reiseblog\/wp-content\/uploads\/2018\/10\/incollage_20181007_190342157-1440x18007913103243676954781.jpg 1440w, https:\/\/gothein.de\/reiseblog\/wp-content\/uploads\/2018\/10\/incollage_20181007_190342157-1440x18007913103243676954781-240x300.jpg 240w, https:\/\/gothein.de\/reiseblog\/wp-content\/uploads\/2018\/10\/incollage_20181007_190342157-1440x18007913103243676954781-768x960.jpg 768w, https:\/\/gothein.de\/reiseblog\/wp-content\/uploads\/2018\/10\/incollage_20181007_190342157-1440x18007913103243676954781-819x1024.jpg 819w\" sizes=\"auto, (max-width: 1440px) 100vw, 1440px\" \/><\/p>\n<p>Gegen sp\u00e4ten Nachmittag wandern wir hin und zur\u00fcck an eine weitere kleine Bucht in einem D\u00f6rfchen namens San Vito mit einer Abtei, vielen Restaurants und am Sonntag Anziehungspunkt f\u00fcr viele, beispielsweise eine Hochzeitsgesellschaft.<\/p>\n<p><img loading=\"lazy\" decoding=\"async\" class=\"wp-image-3466 alignnone size-full\" src=\"https:\/\/gothein.de\/reiseblog\/wp-content\/uploads\/2018\/10\/incollage_20181007_190539708-1440x18009130452750670900772.jpg\" width=\"1440\" height=\"1800\" srcset=\"https:\/\/gothein.de\/reiseblog\/wp-content\/uploads\/2018\/10\/incollage_20181007_190539708-1440x18009130452750670900772.jpg 1440w, https:\/\/gothein.de\/reiseblog\/wp-content\/uploads\/2018\/10\/incollage_20181007_190539708-1440x18009130452750670900772-240x300.jpg 240w, https:\/\/gothein.de\/reiseblog\/wp-content\/uploads\/2018\/10\/incollage_20181007_190539708-1440x18009130452750670900772-768x960.jpg 768w, https:\/\/gothein.de\/reiseblog\/wp-content\/uploads\/2018\/10\/incollage_20181007_190539708-1440x18009130452750670900772-819x1024.jpg 819w\" sizes=\"auto, (max-width: 1440px) 100vw, 1440px\" \/><\/p>\n\n        <div id=\"map_ol3js_1\"\n             class=\"map undefined\"\n             data-map_name=\"undefined\"\n             data-map=\"map_ol3js_1\"\n             style=\"width:100%;\n                    max-width:100%;\n                    height:450px;\n                    display:block;\n                    overflow:hidden;\n                    border:2px solid grey;\">\n          <div id=\"map_ol3js_1_popup\" class=\"ol-popup\">\n            <a href=\"#\" id=\"map_ol3js_1_popup-closer\" class=\"ol-popup-closer\"><\/a>\n            <div id=\"map_ol3js_1_popup-content\"><\/div>\n          <\/div>\n        <\/div>\n    \n\n\t\t\t\t<script type=\"text\/javascript\">\n\t\t\t\t\ttranslations['openlayer'] = \"open layer\";\n\t\t\t\t\ttranslations['openlayerAtStartup'] = \"open layer at startup\";\n\t\t\t\t\ttranslations['generateLink'] = \"Der Link zur Karte mit ausgew\u00e4hlten Overlays und angezeigtem Ausschnitt\";\n\t\t\t\t\ttranslations['shortDescription'] = \"Kurzbeschreibung\";\n\t\t\t\t\ttranslations['generatedShortCode'] = \"to get a text control link paste this code in your wordpress editor\";\n\t\t\t\t\ttranslations['closeLayer'] = \"close layer\";\n\t\t\t\t\ttranslations['cantGenerateLink'] = \"put this string in the existing map short code to control this map\";\n\t\t\t  <\/script>\n\n\n\t\t\t  <script type=\"text\/javascript\">\n\t\t\t  vectorM['map_ol3js_1'] = [];\n\t        \n        var raster = getTileLayer(\"osm\",\"NoKey\");\t\t\t\n\n\t\t\t  var map_ol3js_1 = new ol.Map({\n\t\t\t\tinteractions: ol.interaction.defaults.defaults({mouseWheelZoom:false}),\n\t\t\t\tlayers: [raster],\n\t\t\t\ttarget: \"map_ol3js_1\",\n\t\t\t\tview: new ol.View({\n\t\t\t\t  center: ol.proj.transform([17.206615,41.002361], \"EPSG:4326\", \"EPSG:3857\"),\n\t\t\t\t  zoom: 13.742023\n\t\t\t\t})\n\t\t\t  });\n\t\t\t  \n    var style0 = {\n      \"Point\": [new ol.style.Style({\n\n          image: new ol.style.Icon({\n            anchor: [0.5, 41],\n            anchorXUnits: \"fraction\",\n            anchorYUnits: \"pixels\",\n            opacity: 0.75,\n            src: \"https:\/\/gothein.de\/reiseblog\/wp-content\/plugins\/osm\/icons\/mic_blue_pinother_02.png\"\n          })\n      })],\n\n      \"LineString\": [new ol.style.Style({\n        stroke: new ol.style.Stroke({\n          color: \"blue\",\n          width: 8\n        })\n      })],\n      \"MultiLineString\": [new ol.style.Style({\n        stroke: new ol.style.Stroke({\n          color: \"blue\",\n          width: 4\n        })\n      })]\n    };\n\t\t  var vectorL0 = new ol.layer.Vector({\n\t\t\t\tsource: new ol.source.Vector({\n\t\t\t\turl:\"\/reiseblog\/wp-content\/uploads\/gpx\/20181007_Polignano.gpx\",\n\t\t\t\tformat: new ol.format.GPX({\n\t\t\t\t\textractStyles: false\n\t\t\t\t})\n\t\t\t}),\n\t\t\tzIndex: 92,\n\t\t\tstyle: function(feature, resolution) {return style0[feature.getGeometry().getType()];}\n\t\t  });\n\t\t  map_ol3js_1.addLayer(vectorL0);addControls2Map(map_ol3js_1,0,0,3,1,5,6,7,0,1);\nosm_addPopupClickhandler(map_ol3js_1,  \"map_ol3js_1\"); \nosm_addMouseHover(map_ol3js_1); <\/script>\n<p>Hin und zur\u00fcck sind das immerhin acht Kilometer.<\/p>\n","protected":false},"excerpt":{"rendered":"<p>Gestern Abend haben wir uns Polignano bei Nacht angeschaut und die Nahaufnahme Qualit\u00e4t meines Huawei getestet. Heute ist der Himmel blau. Ab und zu ziehen ein paar Wolken an der Sonne vorbei aber das hindert uns nicht daran mit Badezeug zum Porto Paradiso zu spazieren wo man in einer kleinen gesch\u00fctzten Bucht wunderbar baden und [&hellip;]<\/p>\n","protected":false},"author":1,"featured_media":0,"comment_status":"open","ping_status":"open","sticky":false,"template":"","format":"standard","meta":{"ngg_post_thumbnail":0,"_jetpack_memberships_contains_paid_content":false,"footnotes":""},"categories":[1],"tags":[117,113,118],"class_list":["post-3467","post","type-post","status-publish","format-standard","hentry","category-allgemein","tag-apulien","tag-italien","tag-polignano"],"jetpack_featured_media_url":"","jetpack_sharing_enabled":true,"_links":{"self":[{"href":"https:\/\/gothein.de\/reiseblog\/wp-json\/wp\/v2\/posts\/3467","targetHints":{"allow":["GET"]}}],"collection":[{"href":"https:\/\/gothein.de\/reiseblog\/wp-json\/wp\/v2\/posts"}],"about":[{"href":"https:\/\/gothein.de\/reiseblog\/wp-json\/wp\/v2\/types\/post"}],"author":[{"embeddable":true,"href":"https:\/\/gothein.de\/reiseblog\/wp-json\/wp\/v2\/users\/1"}],"replies":[{"embeddable":true,"href":"https:\/\/gothein.de\/reiseblog\/wp-json\/wp\/v2\/comments?post=3467"}],"version-history":[{"count":0,"href":"https:\/\/gothein.de\/reiseblog\/wp-json\/wp\/v2\/posts\/3467\/revisions"}],"wp:attachment":[{"href":"https:\/\/gothein.de\/reiseblog\/wp-json\/wp\/v2\/media?parent=3467"}],"wp:term":[{"taxonomy":"category","embeddable":true,"href":"https:\/\/gothein.de\/reiseblog\/wp-json\/wp\/v2\/categories?post=3467"},{"taxonomy":"post_tag","embeddable":true,"href":"https:\/\/gothein.de\/reiseblog\/wp-json\/wp\/v2\/tags?post=3467"}],"curies":[{"name":"wp","href":"https:\/\/api.w.org\/{rel}","templated":true}]}}