

{"id":3418,"date":"2018-08-25T01:46:23","date_gmt":"2018-08-25T08:46:23","guid":{"rendered":"http:\/\/gothein.de\/reiseblog\/?p=3418"},"modified":"2018-08-26T12:06:59","modified_gmt":"2018-08-26T19:06:59","slug":"von-riva-nach-rovereto-und-rueckfahrt","status":"publish","type":"post","link":"https:\/\/gothein.de\/reiseblog\/2018\/08\/25\/von-riva-nach-rovereto-und-rueckfahrt\/","title":{"rendered":"Von Riva nach Rovereto und R\u00fcckfahrt"},"content":{"rendered":"<p>Nun sitze ich im Zug nach M\u00fcnchen. Unsere Gastgeberinnen haben sich \u00fcberreden lassen das Fr\u00fchst\u00fcck schon um 7:30 zu servieren und so konnte ich p\u00fcnktlich um 8h losfahren.<\/p>\n<p>D\u00fcstere Wolken h\u00e4ngen \u00fcber den Bergen und dem See. Die Stra\u00dfen sind voller Pf\u00fctzen, denn in der Nacht hatte es heftig geregnet und so musste ich einige Zeit im Restaurant verbringen, bis ich wieder trockenen Fu\u00dfes den Weg antreten konnte. Aber jetzt h\u00e4lt es und ich bleibe trocken.<\/p>\n<p>Zun\u00e4chst gehe ich auf die Stra\u00dfe und werde von der Polizei auf den Radweg von Riva nach Torbole verwiesen. In Torbole fahre ich dann auf der Hauptstra\u00dfe nach Nago hoch. Ich hatte ganz verdr\u00e4ngt, dass es da nochmal 200 Meter mit 7 Prozent zu steigen gibt.<br \/>\nIrgendwann nach Nago ist die Autostra\u00dfe wieder f\u00fcr Radfahrer gesperrt und ich muss auf die Radwege. Auch von Torbole nach Nago gibt es einen Weg, den ich h\u00e4tte nehmen k\u00f6nnen. Der Radweg geht dicht an der Stra\u00dfe entlang, mal rechts, mal links und in sch\u00f6nen Serpentinen durch Unterf\u00fchrungen. Kurz vor Rovereto gehe ich dann doch wieder auf die Stra\u00dfe, denn die Ausschilderung wird immer konfuser. Es ist verkehrsarm und bis auf eine Schleife durch das Industriegebiet finde ich den Bahnhof dann reibungslos und stehe um 9:21 in der Vorhalle. Der Zug nach M\u00fcnchen um 9:43 ist 5 Minuten versp\u00e4tet.<\/p>\n\n        <div id=\"map_ol3js_1\"\n             class=\"map undefined\"\n             data-map_name=\"undefined\"\n             data-map=\"map_ol3js_1\"\n             style=\"width:100%;\n                    max-width:100%;\n                    height:450px;\n                    display:block;\n                    overflow:hidden;\n                    border:2px solid grey;\">\n          <div id=\"map_ol3js_1_popup\" class=\"ol-popup\">\n            <a href=\"#\" id=\"map_ol3js_1_popup-closer\" class=\"ol-popup-closer\"><\/a>\n            <div id=\"map_ol3js_1_popup-content\"><\/div>\n          <\/div>\n        <\/div>\n    \n\n\t\t\t\t<script type=\"text\/javascript\">\n\t\t\t\t\ttranslations['openlayer'] = \"open layer\";\n\t\t\t\t\ttranslations['openlayerAtStartup'] = \"open layer at startup\";\n\t\t\t\t\ttranslations['generateLink'] = \"Der Link zur Karte mit ausgew\u00e4hlten Overlays und angezeigtem Ausschnitt\";\n\t\t\t\t\ttranslations['shortDescription'] = \"Kurzbeschreibung\";\n\t\t\t\t\ttranslations['generatedShortCode'] = \"to get a text control link paste this code in your wordpress editor\";\n\t\t\t\t\ttranslations['closeLayer'] = \"close layer\";\n\t\t\t\t\ttranslations['cantGenerateLink'] = \"put this string in the existing map short code to control this map\";\n\t\t\t  <\/script>\n\n\n\t\t\t  <script type=\"text\/javascript\">\n\t\t\t  vectorM['map_ol3js_1'] = [];\n\t        \n        var raster = getTileLayer(\"osm\",\"NoKey\");\t\t\t\n\n\t\t\t  var map_ol3js_1 = new ol.Map({\n\t\t\t\tinteractions: ol.interaction.defaults.defaults({mouseWheelZoom:false}),\n\t\t\t\tlayers: [raster],\n\t\t\t\ttarget: \"map_ol3js_1\",\n\t\t\t\tview: new ol.View({\n\t\t\t\t  center: ol.proj.transform([10.941623,45.871271], \"EPSG:4326\", \"EPSG:3857\"),\n\t\t\t\t  zoom: 11.392209\n\t\t\t\t})\n\t\t\t  });\n\t\t\t  \n    var style0 = {\n      \"Point\": [new ol.style.Style({\n\n          image: new ol.style.Icon({\n            anchor: [0.5, 41],\n            anchorXUnits: \"fraction\",\n            anchorYUnits: \"pixels\",\n            opacity: 0.75,\n            src: \"https:\/\/gothein.de\/reiseblog\/wp-content\/plugins\/osm\/icons\/mic_blue_pinother_02.png\"\n          })\n      })],\n\n      \"LineString\": [new ol.style.Style({\n        stroke: new ol.style.Stroke({\n          color: \"blue\",\n          width: 8\n        })\n      })],\n      \"MultiLineString\": [new ol.style.Style({\n        stroke: new ol.style.Stroke({\n          color: \"blue\",\n          width: 4\n        })\n      })]\n    };\n\t\t  var vectorL0 = new ol.layer.Vector({\n\t\t\t\tsource: new ol.source.Vector({\n\t\t\t\turl:\"\/reiseblog\/wp-content\/uploads\/gpx\/20180825_Riva_Rovereto.gpx\",\n\t\t\t\tformat: new ol.format.GPX({\n\t\t\t\t\textractStyles: false\n\t\t\t\t})\n\t\t\t}),\n\t\t\tzIndex: 92,\n\t\t\tstyle: function(feature, resolution) {return style0[feature.getGeometry().getType()];}\n\t\t  });\n\t\t  map_ol3js_1.addLayer(vectorL0);addControls2Map(map_ol3js_1,0,0,3,1,5,6,7,0,1);\nosm_addPopupClickhandler(map_ol3js_1,  \"map_ol3js_1\"); \nosm_addMouseHover(map_ol3js_1); <\/script>\n<p>So hat alles gepasst, aber viel Reserve war dann doch nicht drin. Die Versp\u00e4tung holt die Bahn wieder ein, wir kommen vor der Zeit in M\u00fcnchen an. Der Flixbus wird bequem erreicht und in Karlsruhe steige ich in die S-Bahn um und bin kurz nach 20h zu Hause.<\/p>\n","protected":false},"excerpt":{"rendered":"<p>Nun sitze ich im Zug nach M\u00fcnchen. Unsere Gastgeberinnen haben sich \u00fcberreden lassen das Fr\u00fchst\u00fcck schon um 7:30 zu servieren und so konnte ich p\u00fcnktlich um 8h losfahren. D\u00fcstere Wolken h\u00e4ngen \u00fcber den Bergen und dem See. Die Stra\u00dfen sind voller Pf\u00fctzen, denn in der Nacht hatte es heftig geregnet und so musste ich einige [&hellip;]<\/p>\n","protected":false},"author":1,"featured_media":0,"comment_status":"open","ping_status":"open","sticky":false,"template":"","format":"standard","meta":{"ngg_post_thumbnail":0,"_jetpack_memberships_contains_paid_content":false,"footnotes":""},"categories":[1],"tags":[113,115,114],"class_list":["post-3418","post","type-post","status-publish","format-standard","hentry","category-allgemein","tag-italien","tag-riva-del-garda","tag-rovereto"],"jetpack_featured_media_url":"","jetpack_sharing_enabled":true,"_links":{"self":[{"href":"https:\/\/gothein.de\/reiseblog\/wp-json\/wp\/v2\/posts\/3418","targetHints":{"allow":["GET"]}}],"collection":[{"href":"https:\/\/gothein.de\/reiseblog\/wp-json\/wp\/v2\/posts"}],"about":[{"href":"https:\/\/gothein.de\/reiseblog\/wp-json\/wp\/v2\/types\/post"}],"author":[{"embeddable":true,"href":"https:\/\/gothein.de\/reiseblog\/wp-json\/wp\/v2\/users\/1"}],"replies":[{"embeddable":true,"href":"https:\/\/gothein.de\/reiseblog\/wp-json\/wp\/v2\/comments?post=3418"}],"version-history":[{"count":0,"href":"https:\/\/gothein.de\/reiseblog\/wp-json\/wp\/v2\/posts\/3418\/revisions"}],"wp:attachment":[{"href":"https:\/\/gothein.de\/reiseblog\/wp-json\/wp\/v2\/media?parent=3418"}],"wp:term":[{"taxonomy":"category","embeddable":true,"href":"https:\/\/gothein.de\/reiseblog\/wp-json\/wp\/v2\/categories?post=3418"},{"taxonomy":"post_tag","embeddable":true,"href":"https:\/\/gothein.de\/reiseblog\/wp-json\/wp\/v2\/tags?post=3418"}],"curies":[{"name":"wp","href":"https:\/\/api.w.org\/{rel}","templated":true}]}}