

{"id":3415,"date":"2018-08-24T09:28:01","date_gmt":"2018-08-24T16:28:01","guid":{"rendered":"http:\/\/gothein.de\/reiseblog\/?p=3415"},"modified":"2018-08-26T10:36:43","modified_gmt":"2018-08-26T17:36:43","slug":"von-breno-nach-riva-del-garda","status":"publish","type":"post","link":"https:\/\/gothein.de\/reiseblog\/2018\/08\/24\/von-breno-nach-riva-del-garda\/","title":{"rendered":"Von Breno nach Riva del Garda"},"content":{"rendered":"<p>Heute war der Tag des Wassers. Drei Seen habe ich gesehen und ein paar Wasserf\u00e4lle und eine ordentliche Dusche auf dem Rad bekommen. 95 km und 2100 H\u00f6henmeter haben gelangt und hier in Riva donnert es d\u00fcster und es beginnt immer wieder zu regnen.<img loading=\"lazy\" decoding=\"async\" class=\"wp-image-3411 alignnone size-full\" src=\"https:\/\/gothein.de\/reiseblog\/wp-content\/uploads\/2018\/08\/incollage_20180824_181825951-1440x18002920505429693025591.jpg\" width=\"1440\" height=\"1800\" data-temp-aztec-id=\"871b970e-ed98-4e00-b4f7-e9f2e7e0d0b4\" srcset=\"https:\/\/gothein.de\/reiseblog\/wp-content\/uploads\/2018\/08\/incollage_20180824_181825951-1440x18002920505429693025591.jpg 1440w, https:\/\/gothein.de\/reiseblog\/wp-content\/uploads\/2018\/08\/incollage_20180824_181825951-1440x18002920505429693025591-240x300.jpg 240w, https:\/\/gothein.de\/reiseblog\/wp-content\/uploads\/2018\/08\/incollage_20180824_181825951-1440x18002920505429693025591-768x960.jpg 768w, https:\/\/gothein.de\/reiseblog\/wp-content\/uploads\/2018\/08\/incollage_20180824_181825951-1440x18002920505429693025591-819x1024.jpg 819w\" sizes=\"auto, (max-width: 1440px) 100vw, 1440px\" \/>In Breno ging es nach wenigen Metern ab in die Berge zum 20 km entfernten Passo Crocedomini von 300 auf 1900 H\u00f6he. Fast die ganze Strecke war sehr steil, 10 oder mehr Prozent. Dementsprechend ging es langsam voran. Kurz vor 8h ging es diesmal los und um 11:30 erreichte ich das Rifugio am Crocedomini. Da h\u00e4tte man dicke Laib K\u00e4se kaufen k\u00f6nnen, ich habe mich mit einem alkoholfreien Bier begn\u00fcgt. <img loading=\"lazy\" decoding=\"async\" class=\"wp-image-3412 alignnone size-full\" src=\"https:\/\/gothein.de\/reiseblog\/wp-content\/uploads\/2018\/08\/incollage_20180824_181535400-1440x18006074735033060739204.jpg\" width=\"1440\" height=\"1800\" srcset=\"https:\/\/gothein.de\/reiseblog\/wp-content\/uploads\/2018\/08\/incollage_20180824_181535400-1440x18006074735033060739204.jpg 1440w, https:\/\/gothein.de\/reiseblog\/wp-content\/uploads\/2018\/08\/incollage_20180824_181535400-1440x18006074735033060739204-240x300.jpg 240w, https:\/\/gothein.de\/reiseblog\/wp-content\/uploads\/2018\/08\/incollage_20180824_181535400-1440x18006074735033060739204-768x960.jpg 768w, https:\/\/gothein.de\/reiseblog\/wp-content\/uploads\/2018\/08\/incollage_20180824_181535400-1440x18006074735033060739204-819x1024.jpg 819w\" sizes=\"auto, (max-width: 1440px) 100vw, 1440px\" \/>Bevor es dann in eine lange Abfahrt bis nach Bagholino geht, sind 50 fiese H\u00f6henmeter zu absolvieren. Irgendwann ist dann auf einmal die Stra\u00dfe nass, es hatte geregnet. Nach Bagholino, steil in den Hang eingef\u00fcgt, kommt es dann auch f\u00fcr mich zu ersten Tropfen. Bis zum Lago Idro h\u00e4lt es und ein eindrucksvolles Panorama \u00f6ffnet sich, nachdem allerdings noch ein Gegenanstieg zu bew\u00e4ltigen war. In Ponte Caffaro haben die L\u00e4den geschlossen aber ein Ristorante hat Spaghetti und noch einmal ein alkoholfreies Bier f\u00fcr mich. Gerade als ich aufbrechen m\u00f6chte kommt ein Wolkenbruch und f\u00fcr mich ein Espresso. <img loading=\"lazy\" decoding=\"async\" class=\"wp-image-3413 alignnone size-full\" src=\"https:\/\/gothein.de\/reiseblog\/wp-content\/uploads\/2018\/08\/incollage_20180824_181429369-1440x18006437848448586806420.jpg\" width=\"1440\" height=\"1800\" data-temp-aztec-id=\"3c1103c9-9f33-4a09-9ae9-1eeeadfdd740\" srcset=\"https:\/\/gothein.de\/reiseblog\/wp-content\/uploads\/2018\/08\/incollage_20180824_181429369-1440x18006437848448586806420.jpg 1440w, https:\/\/gothein.de\/reiseblog\/wp-content\/uploads\/2018\/08\/incollage_20180824_181429369-1440x18006437848448586806420-240x300.jpg 240w, https:\/\/gothein.de\/reiseblog\/wp-content\/uploads\/2018\/08\/incollage_20180824_181429369-1440x18006437848448586806420-768x960.jpg 768w, https:\/\/gothein.de\/reiseblog\/wp-content\/uploads\/2018\/08\/incollage_20180824_181429369-1440x18006437848448586806420-819x1024.jpg 819w\" sizes=\"auto, (max-width: 1440px) 100vw, 1440px\" \/>Bei Storo geht es dann auf die letzten 32 km bis nach Riva ab. Es sind noch einmal 400 Meter zu steigen und kurz nach Storo geht das Unwetter los. Die Schleusen \u00f6ffnen sich und ich lasse mich nass regnen. Das Regenzeug bleibt in der Tasche. Bei \u00fcber 20 Grad bergauf hat es keinen Zweck. Trotz des teuren Goretex ist man nach wenigen Minuten genauso nass von innen. Kurz vor dem Lago Ledro ist der h\u00f6chste Punkt erreicht. Die Sonne kommt raus,damit ich ein paar sch\u00f6ne Bilder machen kann. Kurz nach dem Ledrosee geht es steil ab und bei Pre ist die Stra\u00dfe auf einmal f\u00fcr Fahrr\u00e4der gesperrt obwohl der verbotene Tunnel erst sp\u00e4ter kommt. \u00c4rgerlich sind die Abfahrten, die nun kommen, da es \u00fcber grobe Schotterpisten bis zum Tunnel geht, dann \u00fcber die alte Stra\u00dfe zuerst geteert, tiefer wieder mit Mountain Bike Schotter. <img loading=\"lazy\" decoding=\"async\" class=\"alignnone size-full wp-image-3414\" src=\"https:\/\/gothein.de\/reiseblog\/wp-content\/uploads\/2018\/08\/incollage_20180824_181156496-1440x18004789128637864598896.jpg\" width=\"1440\" height=\"1800\" data-temp-aztec-id=\"28c71c99-f15c-4609-97b5-5ec96924b783\" srcset=\"https:\/\/gothein.de\/reiseblog\/wp-content\/uploads\/2018\/08\/incollage_20180824_181156496-1440x18004789128637864598896.jpg 1440w, https:\/\/gothein.de\/reiseblog\/wp-content\/uploads\/2018\/08\/incollage_20180824_181156496-1440x18004789128637864598896-240x300.jpg 240w, https:\/\/gothein.de\/reiseblog\/wp-content\/uploads\/2018\/08\/incollage_20180824_181156496-1440x18004789128637864598896-768x960.jpg 768w, https:\/\/gothein.de\/reiseblog\/wp-content\/uploads\/2018\/08\/incollage_20180824_181156496-1440x18004789128637864598896-819x1024.jpg 819w\" sizes=\"auto, (max-width: 1440px) 100vw, 1440px\" \/>Vorsichtig und mit hei\u00dfen Scheibenbremsen komme ich dann tats\u00e4chlich nach acht ein halb Stunden in Riva an. Es f\u00e4ngt p\u00fcnktlich wieder an zu regnen, so dass ich mich schon fast freue, denn mein Rad ist nach den nassen Schotterpisten vollkommen verdreckt. Allerdings erschwert der str\u00f6mende Regen die Handynavigation zum Quartier. Diesmal ist es eher eine Pension mit geteiltem Bad. Nach nun echter und warmer Dusche spaziere ich ins Zentrum, Mitbewohnerin Nancy, eine \u00e4ltere Amerikanerin, die zu einem Segelevent eingeladen ist, findet mich (wahrscheinlich im Vergleich zu meinem Erscheinungsbild zuvor) sehr &#8222;handsome&#8220;.<\/p>\n<p>Riva ist ein riesen Rummel und ich setze mich ins Get\u00fcmmel und nehme Pizza mit Wein.<br \/>\n\n        <div id=\"map_ol3js_1\"\n             class=\"map undefined\"\n             data-map_name=\"undefined\"\n             data-map=\"map_ol3js_1\"\n             style=\"width:100%;\n                    max-width:100%;\n                    height:450px;\n                    display:block;\n                    overflow:hidden;\n                    border:2px solid grey;\">\n          <div id=\"map_ol3js_1_popup\" class=\"ol-popup\">\n            <a href=\"#\" id=\"map_ol3js_1_popup-closer\" class=\"ol-popup-closer\"><\/a>\n            <div id=\"map_ol3js_1_popup-content\"><\/div>\n          <\/div>\n        <\/div>\n    \n\n\t\t\t\t<script type=\"text\/javascript\">\n\t\t\t\t\ttranslations['openlayer'] = \"open layer\";\n\t\t\t\t\ttranslations['openlayerAtStartup'] = \"open layer at startup\";\n\t\t\t\t\ttranslations['generateLink'] = \"Der Link zur Karte mit ausgew\u00e4hlten Overlays und angezeigtem Ausschnitt\";\n\t\t\t\t\ttranslations['shortDescription'] = \"Kurzbeschreibung\";\n\t\t\t\t\ttranslations['generatedShortCode'] = \"to get a text control link paste this code in your wordpress editor\";\n\t\t\t\t\ttranslations['closeLayer'] = \"close layer\";\n\t\t\t\t\ttranslations['cantGenerateLink'] = \"put this string in the existing map short code to control this map\";\n\t\t\t  <\/script>\n\n\n\t\t\t  <script type=\"text\/javascript\">\n\t\t\t  vectorM['map_ol3js_1'] = [];\n\t        \n        var raster = getTileLayer(\"osm\",\"NoKey\");\t\t\t\n\n\t\t\t  var map_ol3js_1 = new ol.Map({\n\t\t\t\tinteractions: ol.interaction.defaults.defaults({mouseWheelZoom:false}),\n\t\t\t\tlayers: [raster],\n\t\t\t\ttarget: \"map_ol3js_1\",\n\t\t\t\tview: new ol.View({\n\t\t\t\t  center: ol.proj.transform([10.577026,45.878238], \"EPSG:4326\", \"EPSG:3857\"),\n\t\t\t\t  zoom: 9.708235\n\t\t\t\t})\n\t\t\t  });\n\t\t\t  \n    var style0 = {\n      \"Point\": [new ol.style.Style({\n\n          image: new ol.style.Icon({\n            anchor: [0.5, 41],\n            anchorXUnits: \"fraction\",\n            anchorYUnits: \"pixels\",\n            opacity: 0.75,\n            src: \"https:\/\/gothein.de\/reiseblog\/wp-content\/plugins\/osm\/icons\/mic_blue_pinother_02.png\"\n          })\n      })],\n\n      \"LineString\": [new ol.style.Style({\n        stroke: new ol.style.Stroke({\n          color: \"blue\",\n          width: 8\n        })\n      })],\n      \"MultiLineString\": [new ol.style.Style({\n        stroke: new ol.style.Stroke({\n          color: \"blue\",\n          width: 4\n        })\n      })]\n    };\n\t\t  var vectorL0 = new ol.layer.Vector({\n\t\t\t\tsource: new ol.source.Vector({\n\t\t\t\turl:\"\/reiseblog\/wp-content\/uploads\/gpx\/20180824_Breno_Riva.gpx\",\n\t\t\t\tformat: new ol.format.GPX({\n\t\t\t\t\textractStyles: false\n\t\t\t\t})\n\t\t\t}),\n\t\t\tzIndex: 92,\n\t\t\tstyle: function(feature, resolution) {return style0[feature.getGeometry().getType()];}\n\t\t  });\n\t\t  map_ol3js_1.addLayer(vectorL0);addControls2Map(map_ol3js_1,0,0,3,1,5,6,7,0,1);\nosm_addPopupClickhandler(map_ol3js_1,  \"map_ol3js_1\"); \nosm_addMouseHover(map_ol3js_1); <\/script><\/p>\n","protected":false},"excerpt":{"rendered":"<p>Heute war der Tag des Wassers. Drei Seen habe ich gesehen und ein paar Wasserf\u00e4lle und eine ordentliche Dusche auf dem Rad bekommen. 95 km und 2100 H\u00f6henmeter haben gelangt und hier in Riva donnert es d\u00fcster und es beginnt immer wieder zu regnen.In Breno ging es nach wenigen Metern ab in die Berge zum [&hellip;]<\/p>\n","protected":false},"author":1,"featured_media":0,"comment_status":"open","ping_status":"open","sticky":false,"template":"","format":"standard","meta":{"ngg_post_thumbnail":0,"_jetpack_memberships_contains_paid_content":false,"footnotes":""},"categories":[1],"tags":[116,113,115],"class_list":["post-3415","post","type-post","status-publish","format-standard","hentry","category-allgemein","tag-breno","tag-italien","tag-riva-del-garda"],"jetpack_featured_media_url":"","jetpack_sharing_enabled":true,"_links":{"self":[{"href":"https:\/\/gothein.de\/reiseblog\/wp-json\/wp\/v2\/posts\/3415","targetHints":{"allow":["GET"]}}],"collection":[{"href":"https:\/\/gothein.de\/reiseblog\/wp-json\/wp\/v2\/posts"}],"about":[{"href":"https:\/\/gothein.de\/reiseblog\/wp-json\/wp\/v2\/types\/post"}],"author":[{"embeddable":true,"href":"https:\/\/gothein.de\/reiseblog\/wp-json\/wp\/v2\/users\/1"}],"replies":[{"embeddable":true,"href":"https:\/\/gothein.de\/reiseblog\/wp-json\/wp\/v2\/comments?post=3415"}],"version-history":[{"count":0,"href":"https:\/\/gothein.de\/reiseblog\/wp-json\/wp\/v2\/posts\/3415\/revisions"}],"wp:attachment":[{"href":"https:\/\/gothein.de\/reiseblog\/wp-json\/wp\/v2\/media?parent=3415"}],"wp:term":[{"taxonomy":"category","embeddable":true,"href":"https:\/\/gothein.de\/reiseblog\/wp-json\/wp\/v2\/categories?post=3415"},{"taxonomy":"post_tag","embeddable":true,"href":"https:\/\/gothein.de\/reiseblog\/wp-json\/wp\/v2\/tags?post=3415"}],"curies":[{"name":"wp","href":"https:\/\/api.w.org\/{rel}","templated":true}]}}