

{"id":3403,"date":"2018-08-23T09:32:51","date_gmt":"2018-08-23T16:32:51","guid":{"rendered":"http:\/\/gothein.de\/reiseblog\/?p=3403"},"modified":"2018-08-26T10:37:23","modified_gmt":"2018-08-26T17:37:23","slug":"von-ponte-di-legno-nach-breno","status":"publish","type":"post","link":"https:\/\/gothein.de\/reiseblog\/2018\/08\/23\/von-ponte-di-legno-nach-breno\/","title":{"rendered":"Von Ponte di Legno nach Breno"},"content":{"rendered":"<p>Nach der Plackerei gestern habe ich beschlossen einen ruhigeren Tag einzulegen. Direkt nach Breno von Ponte di Legno von 1250 auf 320 Meter einfach immer dem Fiume Oglio folgen. Zun\u00e4chst schau ich mir Ponte di Legno bei Tageslicht und fotografiere eine der vielen Holzbr\u00fccken \u00fcber den Oglio.<\/p>\n<p>Als ich die gro\u00dfe Hauptverkehrsstra\u00dfe sehe, \u00fcberlege ich mir ob es da nicht noch einen besseren Weg gibt. In der Tat habe ich gleich den Radweg gefunden, der tats\u00e4chlich bis zum Po \u00fcber Edolo bis Breno f\u00fchrt. Den Luxus auf dem Radweg fahren zu k\u00f6nnen kann sich allerdings nur erlauben, wer viel Zeit mit bringt und wen das st\u00e4ndige Auf und Ab sehr bissiger kurzer Anstiege nicht st\u00f6rt.<\/p>\n<p><img loading=\"lazy\" decoding=\"async\" class=\"wp-image-3406 alignnone size-full\" src=\"https:\/\/gothein.de\/reiseblog\/wp-content\/uploads\/2018\/08\/incollage_20180823_184554296-1440x18005325830651233800282.jpg\" width=\"1440\" height=\"1800\" srcset=\"https:\/\/gothein.de\/reiseblog\/wp-content\/uploads\/2018\/08\/incollage_20180823_184554296-1440x18005325830651233800282.jpg 1440w, https:\/\/gothein.de\/reiseblog\/wp-content\/uploads\/2018\/08\/incollage_20180823_184554296-1440x18005325830651233800282-240x300.jpg 240w, https:\/\/gothein.de\/reiseblog\/wp-content\/uploads\/2018\/08\/incollage_20180823_184554296-1440x18005325830651233800282-768x960.jpg 768w, https:\/\/gothein.de\/reiseblog\/wp-content\/uploads\/2018\/08\/incollage_20180823_184554296-1440x18005325830651233800282-819x1024.jpg 819w\" sizes=\"auto, (max-width: 1440px) 100vw, 1440px\" \/><\/p>\n<p>Bis Edolo ist der Weg sehr sch\u00f6n angelegt. Da das Tal bis dort aber auch sehr touristisch ist, teilt man ihn sich mit Joggern, Spazierg\u00e4ngern mit Hunden oder kleinen Kindern. Entsprechend vorsichtig und umsichtig muss man fahren.<br \/>\nLandschaftlich ist das toll, pittoreske D\u00f6rfer an den H\u00e4ngen, der Fluss durch gr\u00fcne Wiesen. Ab Edolo wird man zun\u00e4chst auf Nebenstra\u00dfen geleitet. Irgendwann l\u00e4sst die Qualit\u00e4t des Weges nach. Es gibt Passagen mit Schotter und teilweise sind Anstiege ganz pl\u00f6tzlich so steil, dass man nur mit Schieben hoch kommt, einmal muss ich sogar durch einen Bach schieben.<\/p>\n<p><img loading=\"lazy\" decoding=\"async\" class=\"wp-image-3407 alignnone size-full\" src=\"https:\/\/gothein.de\/reiseblog\/wp-content\/uploads\/2018\/08\/incollage_20180823_184254425-1440x18009102475336781150252.jpg\" width=\"1440\" height=\"1800\" srcset=\"https:\/\/gothein.de\/reiseblog\/wp-content\/uploads\/2018\/08\/incollage_20180823_184254425-1440x18009102475336781150252.jpg 1440w, https:\/\/gothein.de\/reiseblog\/wp-content\/uploads\/2018\/08\/incollage_20180823_184254425-1440x18009102475336781150252-240x300.jpg 240w, https:\/\/gothein.de\/reiseblog\/wp-content\/uploads\/2018\/08\/incollage_20180823_184254425-1440x18009102475336781150252-768x960.jpg 768w, https:\/\/gothein.de\/reiseblog\/wp-content\/uploads\/2018\/08\/incollage_20180823_184254425-1440x18009102475336781150252-819x1024.jpg 819w\" sizes=\"auto, (max-width: 1440px) 100vw, 1440px\" \/><\/p>\n<p>In Summe ist die Beschilderung sehr gut. Nur in Sellero haben sie sich wohl einen Spa\u00df erlaubt, anstatt direkt durch die Ortsstra\u00dfe zu f\u00fchren, geht es \u00fcber einen kleinen grasbewachsenen Weg und anschlie\u00dfend steht man im Nichts.<\/p>\n<p>Da aus den Bergen ganz furchtbar der Donner grollt und mir erste Tropfen Sorgen machen, nehme ich zwischendurch die Stra\u00dfe, bis ich wieder auf dem Radweg lande. Ich komme um eine Regendusche herum. In Breno hat es kurz zuvor geregnet, die Wege sind nass. An Breno fahre ich auf dem Radweg erstmal vorbei, muss umkehren und bekomme so 3km mehr auf den Tacho und bin schon um14:30 nach 63 km und immerhin 550 H\u00f6henmeter aufw\u00e4rts im Hotel Giardino.<\/p>\n<p>Durch fast konsequente Nutzung der Radwege komme ich heute fast \u00fcberhaupt nicht mit dem Verkehr in Ber\u00fchrung.<\/p>\n<p>Es bleibt also gen\u00fcgend Zeit f\u00fcr eine Ortsbesichtigung. Ich schaue mir die Altstadt an und gehe den steilen Weg hoch zur Burgruine.<\/p>\n<p><img loading=\"lazy\" decoding=\"async\" class=\"wp-image-3408 alignnone size-full\" src=\"https:\/\/gothein.de\/reiseblog\/wp-content\/uploads\/2018\/08\/incollage_20180823_184119026-1440x18008887856103823441347.jpg\" width=\"1440\" height=\"1800\" srcset=\"https:\/\/gothein.de\/reiseblog\/wp-content\/uploads\/2018\/08\/incollage_20180823_184119026-1440x18008887856103823441347.jpg 1440w, https:\/\/gothein.de\/reiseblog\/wp-content\/uploads\/2018\/08\/incollage_20180823_184119026-1440x18008887856103823441347-240x300.jpg 240w, https:\/\/gothein.de\/reiseblog\/wp-content\/uploads\/2018\/08\/incollage_20180823_184119026-1440x18008887856103823441347-768x960.jpg 768w, https:\/\/gothein.de\/reiseblog\/wp-content\/uploads\/2018\/08\/incollage_20180823_184119026-1440x18008887856103823441347-819x1024.jpg 819w\" sizes=\"auto, (max-width: 1440px) 100vw, 1440px\" \/><\/p>\n<p>Die mittelalterliche Stadt hat Flair aber man kann viele H\u00e4user kaufen. Ein Cappuccino mit sechs Keksen kostet 3,10\u20ac und das Hotel 40\u20ac. Preiswert und sch\u00f6n aber viele Gesch\u00e4fte sind geschlossen, eine Mischung aus Lebhaftigkeit und Niedergang.<\/p>\n\n        <div id=\"map_ol3js_1\"\n             class=\"map undefined\"\n             data-map_name=\"undefined\"\n             data-map=\"map_ol3js_1\"\n             style=\"width:100%;\n                    max-width:100%;\n                    height:450px;\n                    display:block;\n                    overflow:hidden;\n                    border:2px solid grey;\">\n          <div id=\"map_ol3js_1_popup\" class=\"ol-popup\">\n            <a href=\"#\" id=\"map_ol3js_1_popup-closer\" class=\"ol-popup-closer\"><\/a>\n            <div id=\"map_ol3js_1_popup-content\"><\/div>\n          <\/div>\n        <\/div>\n    \n\n\t\t\t\t<script type=\"text\/javascript\">\n\t\t\t\t\ttranslations['openlayer'] = \"open layer\";\n\t\t\t\t\ttranslations['openlayerAtStartup'] = \"open layer at startup\";\n\t\t\t\t\ttranslations['generateLink'] = \"Der Link zur Karte mit ausgew\u00e4hlten Overlays und angezeigtem Ausschnitt\";\n\t\t\t\t\ttranslations['shortDescription'] = \"Kurzbeschreibung\";\n\t\t\t\t\ttranslations['generatedShortCode'] = \"to get a text control link paste this code in your wordpress editor\";\n\t\t\t\t\ttranslations['closeLayer'] = \"close layer\";\n\t\t\t\t\ttranslations['cantGenerateLink'] = \"put this string in the existing map short code to control this map\";\n\t\t\t  <\/script>\n\n\n\t\t\t  <script type=\"text\/javascript\">\n\t\t\t  vectorM['map_ol3js_1'] = [];\n\t        \n        var raster = getTileLayer(\"osm\",\"NoKey\");\t\t\t\n\n\t\t\t  var map_ol3js_1 = new ol.Map({\n\t\t\t\tinteractions: ol.interaction.defaults.defaults({mouseWheelZoom:false}),\n\t\t\t\tlayers: [raster],\n\t\t\t\ttarget: \"map_ol3js_1\",\n\t\t\t\tview: new ol.View({\n\t\t\t\t  center: ol.proj.transform([10.394736,46.105120], \"EPSG:4326\", \"EPSG:3857\"),\n\t\t\t\t  zoom: 9.949671\n\t\t\t\t})\n\t\t\t  });\n\t\t\t  \n    var style0 = {\n      \"Point\": [new ol.style.Style({\n\n          image: new ol.style.Icon({\n            anchor: [0.5, 41],\n            anchorXUnits: \"fraction\",\n            anchorYUnits: \"pixels\",\n            opacity: 0.75,\n            src: \"https:\/\/gothein.de\/reiseblog\/wp-content\/plugins\/osm\/icons\/mic_blue_pinother_02.png\"\n          })\n      })],\n\n      \"LineString\": [new ol.style.Style({\n        stroke: new ol.style.Stroke({\n          color: \"blue\",\n          width: 8\n        })\n      })],\n      \"MultiLineString\": [new ol.style.Style({\n        stroke: new ol.style.Stroke({\n          color: \"blue\",\n          width: 4\n        })\n      })]\n    };\n\t\t  var vectorL0 = new ol.layer.Vector({\n\t\t\t\tsource: new ol.source.Vector({\n\t\t\t\turl:\"\/reiseblog\/wp-content\/uploads\/gpx\/20180823_PontediLegno_Breno.gpx\",\n\t\t\t\tformat: new ol.format.GPX({\n\t\t\t\t\textractStyles: false\n\t\t\t\t})\n\t\t\t}),\n\t\t\tzIndex: 92,\n\t\t\tstyle: function(feature, resolution) {return style0[feature.getGeometry().getType()];}\n\t\t  });\n\t\t  map_ol3js_1.addLayer(vectorL0);addControls2Map(map_ol3js_1,0,0,3,1,5,6,7,0,1);\nosm_addPopupClickhandler(map_ol3js_1,  \"map_ol3js_1\"); \nosm_addMouseHover(map_ol3js_1); <\/script>\n","protected":false},"excerpt":{"rendered":"<p>Nach der Plackerei gestern habe ich beschlossen einen ruhigeren Tag einzulegen. Direkt nach Breno von Ponte di Legno von 1250 auf 320 Meter einfach immer dem Fiume Oglio folgen. Zun\u00e4chst schau ich mir Ponte di Legno bei Tageslicht und fotografiere eine der vielen Holzbr\u00fccken \u00fcber den Oglio. Als ich die gro\u00dfe Hauptverkehrsstra\u00dfe sehe, \u00fcberlege ich [&hellip;]<\/p>\n","protected":false},"author":1,"featured_media":0,"comment_status":"open","ping_status":"open","sticky":false,"template":"","format":"standard","meta":{"ngg_post_thumbnail":0,"_jetpack_memberships_contains_paid_content":false,"footnotes":""},"categories":[1],"tags":[116,113,112],"class_list":["post-3403","post","type-post","status-publish","format-standard","hentry","category-allgemein","tag-breno","tag-italien","tag-ponte-di-legno"],"jetpack_featured_media_url":"","jetpack_sharing_enabled":true,"_links":{"self":[{"href":"https:\/\/gothein.de\/reiseblog\/wp-json\/wp\/v2\/posts\/3403","targetHints":{"allow":["GET"]}}],"collection":[{"href":"https:\/\/gothein.de\/reiseblog\/wp-json\/wp\/v2\/posts"}],"about":[{"href":"https:\/\/gothein.de\/reiseblog\/wp-json\/wp\/v2\/types\/post"}],"author":[{"embeddable":true,"href":"https:\/\/gothein.de\/reiseblog\/wp-json\/wp\/v2\/users\/1"}],"replies":[{"embeddable":true,"href":"https:\/\/gothein.de\/reiseblog\/wp-json\/wp\/v2\/comments?post=3403"}],"version-history":[{"count":0,"href":"https:\/\/gothein.de\/reiseblog\/wp-json\/wp\/v2\/posts\/3403\/revisions"}],"wp:attachment":[{"href":"https:\/\/gothein.de\/reiseblog\/wp-json\/wp\/v2\/media?parent=3403"}],"wp:term":[{"taxonomy":"category","embeddable":true,"href":"https:\/\/gothein.de\/reiseblog\/wp-json\/wp\/v2\/categories?post=3403"},{"taxonomy":"post_tag","embeddable":true,"href":"https:\/\/gothein.de\/reiseblog\/wp-json\/wp\/v2\/tags?post=3403"}],"curies":[{"name":"wp","href":"https:\/\/api.w.org\/{rel}","templated":true}]}}