{"id":3363,"date":"2018-08-18T03:08:58","date_gmt":"2018-08-18T10:08:58","guid":{"rendered":"http:\/\/gothein.de\/reiseblog\/?p=3363"},"modified":"2018-08-18T03:08:58","modified_gmt":"2018-08-18T10:08:58","slug":"ueberlingen","status":"publish","type":"post","link":"https:\/\/gothein.de\/reiseblog\/2018\/08\/18\/ueberlingen\/","title":{"rendered":"\u00dcberlingen"},"content":{"rendered":"<p>\u00dcberlingen ist eine sehr sch\u00f6ne Stadt. Besonders bei dieser dramatischen Beleuchtung \u00fcber dem See.<\/p>\n<p><img loading=\"lazy\" decoding=\"async\" src=\"https:\/\/gothein.de\/reiseblog\/wp-content\/uploads\/2018\/08\/incollage_20180818_120147234-960x12808912597259013752801.jpg\" class=\"wp-image-3361 alignnone size-full\" width=\"960\" height=\"1280\" srcset=\"https:\/\/gothein.de\/reiseblog\/wp-content\/uploads\/2018\/08\/incollage_20180818_120147234-960x12808912597259013752801.jpg 960w, https:\/\/gothein.de\/reiseblog\/wp-content\/uploads\/2018\/08\/incollage_20180818_120147234-960x12808912597259013752801-225x300.jpg 225w, https:\/\/gothein.de\/reiseblog\/wp-content\/uploads\/2018\/08\/incollage_20180818_120147234-960x12808912597259013752801-768x1024.jpg 768w\" sizes=\"auto, (max-width: 960px) 100vw, 960px\" \/><\/p>\n<p>Donnerstag Abend gab es Carmen in der Seeb\u00fchne von Bregenz. Ein wundersch\u00f6ner warmer Sommerabend mit sensationellem B\u00fchnenbild.<\/p>\n<p><img loading=\"lazy\" decoding=\"async\" src=\"https:\/\/gothein.de\/reiseblog\/wp-content\/uploads\/2018\/08\/incollage_20180818_120604464-960x12805642922498409875973.jpg\" class=\"wp-image-3362 alignnone size-full\" width=\"960\" height=\"1280\" srcset=\"https:\/\/gothein.de\/reiseblog\/wp-content\/uploads\/2018\/08\/incollage_20180818_120604464-960x12805642922498409875973.jpg 960w, https:\/\/gothein.de\/reiseblog\/wp-content\/uploads\/2018\/08\/incollage_20180818_120604464-960x12805642922498409875973-225x300.jpg 225w, https:\/\/gothein.de\/reiseblog\/wp-content\/uploads\/2018\/08\/incollage_20180818_120604464-960x12805642922498409875973-768x1024.jpg 768w\" sizes=\"auto, (max-width: 960px) 100vw, 960px\" \/><\/p>\n","protected":false},"excerpt":{"rendered":"<p>\u00dcberlingen ist eine sehr sch\u00f6ne Stadt. Besonders bei dieser dramatischen Beleuchtung \u00fcber dem See. Donnerstag Abend gab es Carmen in der Seeb\u00fchne von Bregenz. Ein wundersch\u00f6ner warmer Sommerabend mit sensationellem B\u00fchnenbild.<\/p>\n","protected":false},"author":1,"featured_media":0,"comment_status":"open","ping_status":"open","sticky":false,"template":"","format":"standard","meta":{"ngg_post_thumbnail":0,"_jetpack_memberships_contains_paid_content":false,"footnotes":""},"categories":[1],"tags":[],"class_list":["post-3363","post","type-post","status-publish","format-standard","hentry","category-allgemein"],"jetpack_featured_media_url":"","jetpack_sharing_enabled":true,"_links":{"self":[{"href":"https:\/\/gothein.de\/reiseblog\/wp-json\/wp\/v2\/posts\/3363","targetHints":{"allow":["GET"]}}],"collection":[{"href":"https:\/\/gothein.de\/reiseblog\/wp-json\/wp\/v2\/posts"}],"about":[{"href":"https:\/\/gothein.de\/reiseblog\/wp-json\/wp\/v2\/types\/post"}],"author":[{"embeddable":true,"href":"https:\/\/gothein.de\/reiseblog\/wp-json\/wp\/v2\/users\/1"}],"replies":[{"embeddable":true,"href":"https:\/\/gothein.de\/reiseblog\/wp-json\/wp\/v2\/comments?post=3363"}],"version-history":[{"count":0,"href":"https:\/\/gothein.de\/reiseblog\/wp-json\/wp\/v2\/posts\/3363\/revisions"}],"wp:attachment":[{"href":"https:\/\/gothein.de\/reiseblog\/wp-json\/wp\/v2\/media?parent=3363"}],"wp:term":[{"taxonomy":"category","embeddable":true,"href":"https:\/\/gothein.de\/reiseblog\/wp-json\/wp\/v2\/categories?post=3363"},{"taxonomy":"post_tag","embeddable":true,"href":"https:\/\/gothein.de\/reiseblog\/wp-json\/wp\/v2\/tags?post=3363"}],"curies":[{"name":"wp","href":"https:\/\/api.w.org\/{rel}","templated":true}]}}