

{"id":3269,"date":"2018-05-24T04:17:32","date_gmt":"2018-05-24T11:17:32","guid":{"rendered":"http:\/\/gothein.de\/reiseblog\/?p=3269"},"modified":"2018-08-06T07:55:57","modified_gmt":"2018-08-06T14:55:57","slug":"daejeon-wanderung-und-buddhas-geburtstag","status":"publish","type":"post","link":"https:\/\/gothein.de\/reiseblog\/2018\/05\/24\/daejeon-wanderung-und-buddhas-geburtstag\/","title":{"rendered":"Daejeon, Wanderung und Buddhas Geburtstag\u00a0"},"content":{"rendered":"<p>Zur\u00fcck in Daejeon haben wir am Sonntag eine Wanderung um einen der vielen Berge in der Umgebung gemacht. Faszinierend, wie schnell man aus der Millionenstadt in die Natur kommt. Wir sind fast bis an den Stausee gewandert und zur\u00fcck in der Stadt gab es dann auch noch K\u00e4sekuchen und Cappuccino. <\/p>\n<p><img loading=\"lazy\" decoding=\"async\" src=\"https:\/\/gothein.de\/reiseblog\/wp-content\/uploads\/2018\/05\/incollage_20180524_194547084-1024x10247417100627858019219.jpg\" class=\"wp-image-3271 alignnone size-full\" width=\"1024\" height=\"1024\" data-temp-aztec-id=\"99ace370-daca-4063-b421-da605ac31688\" srcset=\"https:\/\/gothein.de\/reiseblog\/wp-content\/uploads\/2018\/05\/incollage_20180524_194547084-1024x10247417100627858019219.jpg 1024w, https:\/\/gothein.de\/reiseblog\/wp-content\/uploads\/2018\/05\/incollage_20180524_194547084-1024x10247417100627858019219-150x150.jpg 150w, https:\/\/gothein.de\/reiseblog\/wp-content\/uploads\/2018\/05\/incollage_20180524_194547084-1024x10247417100627858019219-300x300.jpg 300w, https:\/\/gothein.de\/reiseblog\/wp-content\/uploads\/2018\/05\/incollage_20180524_194547084-1024x10247417100627858019219-768x768.jpg 768w, https:\/\/gothein.de\/reiseblog\/wp-content\/uploads\/2018\/05\/incollage_20180524_194547084-1024x10247417100627858019219-60x60.jpg 60w\" sizes=\"auto, (max-width: 1024px) 100vw, 1024px\" \/><\/p>\n\n        <div id=\"map_ol3js_1\"\n             class=\"map undefined\"\n             data-map_name=\"undefined\"\n             data-map=\"map_ol3js_1\"\n             style=\"width:100%;\n                    max-width:100%;\n                    height:450px;\n                    display:block;\n                    overflow:hidden;\n                    border:2px solid grey;\">\n          <div id=\"map_ol3js_1_popup\" class=\"ol-popup\">\n            <a href=\"#\" id=\"map_ol3js_1_popup-closer\" class=\"ol-popup-closer\"><\/a>\n            <div id=\"map_ol3js_1_popup-content\"><\/div>\n          <\/div>\n        <\/div>\n    \n\n\t\t\t\t<script type=\"text\/javascript\">\n\t\t\t\t\ttranslations['openlayer'] = \"open layer\";\n\t\t\t\t\ttranslations['openlayerAtStartup'] = \"open layer at startup\";\n\t\t\t\t\ttranslations['generateLink'] = \"Der Link zur Karte mit ausgew\u00e4hlten Overlays und angezeigtem Ausschnitt\";\n\t\t\t\t\ttranslations['shortDescription'] = \"Kurzbeschreibung\";\n\t\t\t\t\ttranslations['generatedShortCode'] = \"to get a text control link paste this code in your wordpress editor\";\n\t\t\t\t\ttranslations['closeLayer'] = \"close layer\";\n\t\t\t\t\ttranslations['cantGenerateLink'] = \"put this string in the existing map short code to control this map\";\n\t\t\t  <\/script>\n\n\n\t\t\t  <script type=\"text\/javascript\">\n\t\t\t  vectorM['map_ol3js_1'] = [];\n\t        \n        var raster = getTileLayer(\"osm\",\"NoKey\");\t\t\t\n\n\t\t\t  var map_ol3js_1 = new ol.Map({\n\t\t\t\tinteractions: ol.interaction.defaults.defaults({mouseWheelZoom:false}),\n\t\t\t\tlayers: [raster],\n\t\t\t\ttarget: \"map_ol3js_1\",\n\t\t\t\tview: new ol.View({\n\t\t\t\t  center: ol.proj.transform([127.459,36.369], \"EPSG:4326\", \"EPSG:3857\"),\n\t\t\t\t  zoom: 13\n\t\t\t\t})\n\t\t\t  });\n\t\t\t  \n    var style0 = {\n      \"Point\": [new ol.style.Style({\n\n          image: new ol.style.Icon({\n            anchor: [0.5, 41],\n            anchorXUnits: \"fraction\",\n            anchorYUnits: \"pixels\",\n            opacity: 0.75,\n            src: \"https:\/\/gothein.de\/reiseblog\/wp-content\/plugins\/osm\/icons\/mic_blue_pinother_02.png\"\n          })\n      })],\n\n      \"LineString\": [new ol.style.Style({\n        stroke: new ol.style.Stroke({\n          color: \"blue\",\n          width: 8\n        })\n      })],\n      \"MultiLineString\": [new ol.style.Style({\n        stroke: new ol.style.Stroke({\n          color: \"blue\",\n          width: 4\n        })\n      })]\n    };\n\t\t  var vectorL0 = new ol.layer.Vector({\n\t\t\t\tsource: new ol.source.Vector({\n\t\t\t\turl:\"\/reiseblog\/wp-content\/uploads\/gpx\/20180520_WanderungDaejeon.gpx\",\n\t\t\t\tformat: new ol.format.GPX({\n\t\t\t\t\textractStyles: false\n\t\t\t\t})\n\t\t\t}),\n\t\t\tzIndex: 92,\n\t\t\tstyle: function(feature, resolution) {return style0[feature.getGeometry().getType()];}\n\t\t  });\n\t\t  map_ol3js_1.addLayer(vectorL0);addControls2Map(map_ol3js_1,0,0,3,0,5,6,7,0,1);\nosm_addPopupClickhandler(map_ol3js_1,  \"map_ol3js_1\"); \nosm_addMouseHover(map_ol3js_1); <\/script>\n<p>Am Montag sind wir durch Daejeon &#8222;downtown&#8220; spaziert, an Museen vorbei durch den botanischen Garten, um schlie\u00dflich Otfried von seiner Vorlesung auf dem KAIST Gel\u00e4nde abzuholen. Abends gab es dann reichlich am Tisch gegrilltes.<\/p>\n<p>An Buddha&#8217;s Geburtstag am Dienstag (22.5.) finden wir in  Daejeon tats\u00e4chlich einen Tempel, den noch keiner von uns kennt. Er ist gar nicht so frequentiert wie erwartet. Wir werden von der buddhistischen Gemeinde zu vegetarischem Mittagessen eingeladen. Der Tempel bietet einiges zu sehen, Bildergeschichten, liebevoll drapierte Figuren und farbenpr\u00e4chtige Dekoration.<\/p>\n<p><img loading=\"lazy\" decoding=\"async\" src=\"https:\/\/gothein.de\/reiseblog\/wp-content\/uploads\/2018\/05\/incollage_20180524_194134731-1024x10243529913977754129974.jpg\" class=\"wp-image-3272 alignnone size-full\" width=\"1024\" height=\"1024\" srcset=\"https:\/\/gothein.de\/reiseblog\/wp-content\/uploads\/2018\/05\/incollage_20180524_194134731-1024x10243529913977754129974.jpg 1024w, https:\/\/gothein.de\/reiseblog\/wp-content\/uploads\/2018\/05\/incollage_20180524_194134731-1024x10243529913977754129974-150x150.jpg 150w, https:\/\/gothein.de\/reiseblog\/wp-content\/uploads\/2018\/05\/incollage_20180524_194134731-1024x10243529913977754129974-300x300.jpg 300w, https:\/\/gothein.de\/reiseblog\/wp-content\/uploads\/2018\/05\/incollage_20180524_194134731-1024x10243529913977754129974-768x768.jpg 768w, https:\/\/gothein.de\/reiseblog\/wp-content\/uploads\/2018\/05\/incollage_20180524_194134731-1024x10243529913977754129974-60x60.jpg 60w\" sizes=\"auto, (max-width: 1024px) 100vw, 1024px\" \/><\/p>\n<p>Im Anschlu\u00df sind wir bei einem Kollegen von Otfried eingeladen. Er ist Mathematikprofessor und mit einer Koreanerin verheiratet. Sie betreiben am Wochenende mit ihrer Mutter ein kleines wunderbar idyllisch an einem See gelegenes Kaffee. Es ist voller Kunstwerke und selbst get\u00f6pfertem und wir bekommen ein unvergleichliches Barbecue mit unz\u00e4hligen Zutaten.<\/p>\n<p><img loading=\"lazy\" decoding=\"async\" src=\"https:\/\/gothein.de\/reiseblog\/wp-content\/uploads\/2018\/05\/incollage_20180524_193944121-1024x10244452733181956686353.jpg\" class=\"wp-image-3273 alignnone size-full\" width=\"1024\" height=\"1024\" data-temp-aztec-id=\"24daf61b-a3f3-4c71-8e43-05fdc8ab413e\" srcset=\"https:\/\/gothein.de\/reiseblog\/wp-content\/uploads\/2018\/05\/incollage_20180524_193944121-1024x10244452733181956686353.jpg 1024w, https:\/\/gothein.de\/reiseblog\/wp-content\/uploads\/2018\/05\/incollage_20180524_193944121-1024x10244452733181956686353-150x150.jpg 150w, https:\/\/gothein.de\/reiseblog\/wp-content\/uploads\/2018\/05\/incollage_20180524_193944121-1024x10244452733181956686353-300x300.jpg 300w, https:\/\/gothein.de\/reiseblog\/wp-content\/uploads\/2018\/05\/incollage_20180524_193944121-1024x10244452733181956686353-768x768.jpg 768w, https:\/\/gothein.de\/reiseblog\/wp-content\/uploads\/2018\/05\/incollage_20180524_193944121-1024x10244452733181956686353-60x60.jpg 60w\" sizes=\"auto, (max-width: 1024px) 100vw, 1024px\" \/><\/p>\n<p>Es regnet aber wir sitzen auf \u00fcberdachter Terrasse und bekommen im Anschlu\u00df noch eine Teeauswahl offeriert.<\/p>\n<p>Nach Hause mu\u00df ich das Steuer \u00fcbernehmen. Aus dem kleinen, steilen, nassen Weg sind wir nur mit durchdrehenden Reifen gekommen, aber schlie\u00dflich haben wir sp\u00e4t abends unser Appartement wohl behalten erreicht.<\/p>\n","protected":false},"excerpt":{"rendered":"<p>Zur\u00fcck in Daejeon haben wir am Sonntag eine Wanderung um einen der vielen Berge in der Umgebung gemacht. Faszinierend, wie schnell man aus der Millionenstadt in die Natur kommt. Wir sind fast bis an den Stausee gewandert und zur\u00fcck in der Stadt gab es dann auch noch K\u00e4sekuchen und Cappuccino. Am Montag sind wir durch [&hellip;]<\/p>\n","protected":false},"author":1,"featured_media":0,"comment_status":"open","ping_status":"open","sticky":false,"template":"","format":"standard","meta":{"ngg_post_thumbnail":0,"_jetpack_memberships_contains_paid_content":false,"footnotes":""},"categories":[1],"tags":[99,87],"class_list":["post-3269","post","type-post","status-publish","format-standard","hentry","category-allgemein","tag-daejeon","tag-suedkorea"],"jetpack_featured_media_url":"","jetpack_sharing_enabled":true,"_links":{"self":[{"href":"https:\/\/gothein.de\/reiseblog\/wp-json\/wp\/v2\/posts\/3269","targetHints":{"allow":["GET"]}}],"collection":[{"href":"https:\/\/gothein.de\/reiseblog\/wp-json\/wp\/v2\/posts"}],"about":[{"href":"https:\/\/gothein.de\/reiseblog\/wp-json\/wp\/v2\/types\/post"}],"author":[{"embeddable":true,"href":"https:\/\/gothein.de\/reiseblog\/wp-json\/wp\/v2\/users\/1"}],"replies":[{"embeddable":true,"href":"https:\/\/gothein.de\/reiseblog\/wp-json\/wp\/v2\/comments?post=3269"}],"version-history":[{"count":0,"href":"https:\/\/gothein.de\/reiseblog\/wp-json\/wp\/v2\/posts\/3269\/revisions"}],"wp:attachment":[{"href":"https:\/\/gothein.de\/reiseblog\/wp-json\/wp\/v2\/media?parent=3269"}],"wp:term":[{"taxonomy":"category","embeddable":true,"href":"https:\/\/gothein.de\/reiseblog\/wp-json\/wp\/v2\/categories?post=3269"},{"taxonomy":"post_tag","embeddable":true,"href":"https:\/\/gothein.de\/reiseblog\/wp-json\/wp\/v2\/tags?post=3269"}],"curies":[{"name":"wp","href":"https:\/\/api.w.org\/{rel}","templated":true}]}}