

{"id":3246,"date":"2018-05-16T07:27:34","date_gmt":"2018-05-16T14:27:34","guid":{"rendered":"http:\/\/gothein.de\/reiseblog\/?p=3246"},"modified":"2018-08-06T07:57:09","modified_gmt":"2018-08-06T14:57:09","slug":"auf-dem-weg-nach-sued-korea","status":"publish","type":"post","link":"https:\/\/gothein.de\/reiseblog\/2018\/05\/16\/auf-dem-weg-nach-sued-korea\/","title":{"rendered":"Auf dem Weg nach S\u00fcd Korea"},"content":{"rendered":"<p>F\u00fcr dieses Jahr haben wir geplant die Korea Reise 2012 zu wiederholen um davon zu profitieren, dass unser Cousin noch in Daejeon ist und wir uns ihm als erfahrenen Reisef\u00fchrer und Koreakenner anvertrauen k\u00f6nnen.<\/p>\n<p>Wir sitzen in Frankfurt am Terminal 1 und warten bis uns unser Flieger von Gate Z50 uns binnen 10 Stunden non stop nach Seoul bringt.<\/p>\n<p>Mit knapp einer halben Stunde und wenig Schlaf haben wir Seoul erreicht. Nach Gep\u00e4ckband und Einreiseformalit\u00e4ten kommen wir an den Busticketschalter, direkt gegen\u00fcber des Ausgangs aus dem Zoll-\/ Einreisebereich, kaufen ein Ticket und schon 10 Minuten sp\u00e4ter f\u00e4hrt der Bus nach Daejeon los. Die Bussitze lassen sich tief zur\u00fccklegen und trotz ausgesprochen schneidigem Fahrstil kann ich ganz gut schlafen. Nach weiteren 2,5 Stunden holt uns Otfried in Daejeon ab. <\/p>\n<p>Abends bekommen wir ein ausgezeichnetes koreanisches Men\u00fc und nach ein paar Bier haben wir die notwendige Bettschwere erreicht.<\/p>\n\n        <div id=\"map_ol3js_1\"\n             class=\"map undefined\"\n             data-map_name=\"undefined\"\n             data-map=\"map_ol3js_1\"\n             style=\"width:100%;\n                    max-width:100%;\n                    height:450px;\n                    display:block;\n                    overflow:hidden;\n                    border:2px solid grey;\">\n          <div id=\"map_ol3js_1_popup\" class=\"ol-popup\">\n            <a href=\"#\" id=\"map_ol3js_1_popup-closer\" class=\"ol-popup-closer\"><\/a>\n            <div id=\"map_ol3js_1_popup-content\"><\/div>\n          <\/div>\n        <\/div>\n    \n\n\t\t\t\t<script type=\"text\/javascript\">\n\t\t\t\t\ttranslations['openlayer'] = \"open layer\";\n\t\t\t\t\ttranslations['openlayerAtStartup'] = \"open layer at startup\";\n\t\t\t\t\ttranslations['generateLink'] = \"Der Link zur Karte mit ausgew\u00e4hlten Overlays und angezeigtem Ausschnitt\";\n\t\t\t\t\ttranslations['shortDescription'] = \"Kurzbeschreibung\";\n\t\t\t\t\ttranslations['generatedShortCode'] = \"to get a text control link paste this code in your wordpress editor\";\n\t\t\t\t\ttranslations['closeLayer'] = \"close layer\";\n\t\t\t\t\ttranslations['cantGenerateLink'] = \"put this string in the existing map short code to control this map\";\n\t\t\t  <\/script>\n\n\n\t\t\t  <script type=\"text\/javascript\">\n\t\t\t  vectorM['map_ol3js_1'] = [];\n\t        \n        var raster = getTileLayer(\"osm\",\"NoKey\");\t\t\t\n\n\t\t\t  var map_ol3js_1 = new ol.Map({\n\t\t\t\tinteractions: ol.interaction.defaults.defaults({mouseWheelZoom:false}),\n\t\t\t\tlayers: [raster],\n\t\t\t\ttarget: \"map_ol3js_1\",\n\t\t\t\tview: new ol.View({\n\t\t\t\t  center: ol.proj.transform([127.078,36.98], \"EPSG:4326\", \"EPSG:3857\"),\n\t\t\t\t  zoom: 8\n\t\t\t\t})\n\t\t\t  });\n\t\t\t  \n    var style0 = {\n      \"Point\": [new ol.style.Style({\n\n          image: new ol.style.Icon({\n            anchor: [0.5, 41],\n            anchorXUnits: \"fraction\",\n            anchorYUnits: \"pixels\",\n            opacity: 0.75,\n            src: \"https:\/\/gothein.de\/reiseblog\/wp-content\/plugins\/osm\/icons\/mic_blue_pinother_02.png\"\n          })\n      })],\n\n      \"LineString\": [new ol.style.Style({\n        stroke: new ol.style.Stroke({\n          color: \"blue\",\n          width: 8\n        })\n      })],\n      \"MultiLineString\": [new ol.style.Style({\n        stroke: new ol.style.Stroke({\n          color: \"blue\",\n          width: 4\n        })\n      })]\n    };\n\t\t  var vectorL0 = new ol.layer.Vector({\n\t\t\t\tsource: new ol.source.Vector({\n\t\t\t\turl:\"\/reiseblog\/wp-content\/uploads\/gpx\/20180517_Busfahrt_Daejeon.gpx\",\n\t\t\t\tformat: new ol.format.GPX({\n\t\t\t\t\textractStyles: false\n\t\t\t\t})\n\t\t\t}),\n\t\t\tzIndex: 92,\n\t\t\tstyle: function(feature, resolution) {return style0[feature.getGeometry().getType()];}\n\t\t  });\n\t\t  map_ol3js_1.addLayer(vectorL0);addControls2Map(map_ol3js_1,0,0,3,0,5,6,7,0,1);\nosm_addPopupClickhandler(map_ol3js_1,  \"map_ol3js_1\"); \nosm_addMouseHover(map_ol3js_1); <\/script>\n","protected":false},"excerpt":{"rendered":"<p>F\u00fcr dieses Jahr haben wir geplant die Korea Reise 2012 zu wiederholen um davon zu profitieren, dass unser Cousin noch in Daejeon ist und wir uns ihm als erfahrenen Reisef\u00fchrer und Koreakenner anvertrauen k\u00f6nnen. Wir sitzen in Frankfurt am Terminal 1 und warten bis uns unser Flieger von Gate Z50 uns binnen 10 Stunden non [&hellip;]<\/p>\n","protected":false},"author":1,"featured_media":0,"comment_status":"open","ping_status":"open","sticky":false,"template":"","format":"standard","meta":{"ngg_post_thumbnail":0,"_jetpack_memberships_contains_paid_content":false,"footnotes":""},"categories":[1],"tags":[99,87],"class_list":["post-3246","post","type-post","status-publish","format-standard","hentry","category-allgemein","tag-daejeon","tag-suedkorea"],"jetpack_featured_media_url":"","jetpack_sharing_enabled":true,"_links":{"self":[{"href":"https:\/\/gothein.de\/reiseblog\/wp-json\/wp\/v2\/posts\/3246","targetHints":{"allow":["GET"]}}],"collection":[{"href":"https:\/\/gothein.de\/reiseblog\/wp-json\/wp\/v2\/posts"}],"about":[{"href":"https:\/\/gothein.de\/reiseblog\/wp-json\/wp\/v2\/types\/post"}],"author":[{"embeddable":true,"href":"https:\/\/gothein.de\/reiseblog\/wp-json\/wp\/v2\/users\/1"}],"replies":[{"embeddable":true,"href":"https:\/\/gothein.de\/reiseblog\/wp-json\/wp\/v2\/comments?post=3246"}],"version-history":[{"count":0,"href":"https:\/\/gothein.de\/reiseblog\/wp-json\/wp\/v2\/posts\/3246\/revisions"}],"wp:attachment":[{"href":"https:\/\/gothein.de\/reiseblog\/wp-json\/wp\/v2\/media?parent=3246"}],"wp:term":[{"taxonomy":"category","embeddable":true,"href":"https:\/\/gothein.de\/reiseblog\/wp-json\/wp\/v2\/categories?post=3246"},{"taxonomy":"post_tag","embeddable":true,"href":"https:\/\/gothein.de\/reiseblog\/wp-json\/wp\/v2\/tags?post=3246"}],"curies":[{"name":"wp","href":"https:\/\/api.w.org\/{rel}","templated":true}]}}