{"id":3174,"date":"2017-12-17T21:36:41","date_gmt":"2017-12-18T05:36:41","guid":{"rendered":"http:\/\/gothein.de\/reiseblog\/?p=3174"},"modified":"2017-12-18T20:53:00","modified_gmt":"2017-12-19T04:53:00","slug":"von-volcano-nach-kailua","status":"publish","type":"post","link":"https:\/\/gothein.de\/reiseblog\/2017\/12\/17\/von-volcano-nach-kailua\/","title":{"rendered":"Von Volcano nach Kailua-Kona"},"content":{"rendered":"<p>Am 17.12.17 sind wir von Vulcano nach Kailua-Kona aufgebrochen und haben entlang der Strecke einiges an der S\u00fcdk\u00fcste gesehen.<\/p>\n<p><a href=\"https:\/\/gothein.de\/reiseblog\/wp-content\/uploads\/2017\/12\/Schwarzer_Sand-1024x1024.jpg\"><br \/>\n<img loading=\"lazy\" decoding=\"async\" src=\"https:\/\/gothein.de\/reiseblog\/wp-content\/uploads\/2017\/12\/Schwarzer_Sand-1024x1024.jpg\" \nalt=\"\" class=\"wp-image-3173 alignnone size-full\" width=\"1600\" height=\"1600\"><\/a><\/p>\n<p>Zu einer Bucht, in der man auf scharzem Lava Strand baden kann haben wir einen Abstecher gemacht. es Gab verschiedene Aussichtspunkte, an denen man riesige Lava Felder sehen konnte. <\/p>\n<p><a href=\"https:\/\/gothein.de\/reiseblog\/wp-content\/uploads\/2017\/12\/Kailua_Kona1-1024x1024.jpg\"><br \/>\n<img loading=\"lazy\" decoding=\"async\" src=\"https:\/\/gothein.de\/reiseblog\/wp-content\/uploads\/2017\/12\/Kailua_Kona1-1024x1024.jpg\"\nalt=\"\" class=\"wp-image-3173 alignnone size-full\" width=\"1600\" height=\"1600\"><\/a><\/p>\n<p>In Kailua-Kona haben wir dann unser gut eingerichtetes Appartement (2 Schlafzimmer, 2 B\u00e4der) bezogen, direkt im Zentrum, mit Garagenplatz und sind ein bisschen entlang der Promenade geschlendert. Dort gibt es einen der ersten Pal\u00e4ste westlicher Art, die \u00e4lteste Kirche der INsel und das King Kamehameha Beratungshaus zu sehen; au\u00dferdem Start und Finish des Hawaii Ironman. <\/p>\n<p>A.s Geburtstag haben wir abends in der lokalen Kona Micro Brewery mit Pizza und verschiedenen hervorragenden Biersorten gefeiert.<\/p>\n<p><a href=\"https:\/\/gothein.de\/reiseblog\/wp-content\/uploads\/2017\/12\/20171218_113913-1600x16001248099321.jpg\"><img loading=\"lazy\" decoding=\"async\" src=\"https:\/\/gothein.de\/reiseblog\/wp-content\/uploads\/2017\/12\/20171218_113913-1600x16001248099321.jpg\" alt=\"\" class=\"wp-image-3173 alignnone size-full\" width=\"1600\" height=\"1600\" srcset=\"https:\/\/gothein.de\/reiseblog\/wp-content\/uploads\/2017\/12\/20171218_113913-1600x16001248099321.jpg 1600w, https:\/\/gothein.de\/reiseblog\/wp-content\/uploads\/2017\/12\/20171218_113913-1600x16001248099321-150x150.jpg 150w, https:\/\/gothein.de\/reiseblog\/wp-content\/uploads\/2017\/12\/20171218_113913-1600x16001248099321-300x300.jpg 300w, https:\/\/gothein.de\/reiseblog\/wp-content\/uploads\/2017\/12\/20171218_113913-1600x16001248099321-768x768.jpg 768w, https:\/\/gothein.de\/reiseblog\/wp-content\/uploads\/2017\/12\/20171218_113913-1600x16001248099321-1024x1024.jpg 1024w, https:\/\/gothein.de\/reiseblog\/wp-content\/uploads\/2017\/12\/20171218_113913-1600x16001248099321-60x60.jpg 60w\" sizes=\"auto, (max-width: 1600px) 100vw, 1600px\" \/><\/a><\/p>\n","protected":false},"excerpt":{"rendered":"<p>Am 17.12.17 sind wir von Vulcano nach Kailua-Kona aufgebrochen und haben entlang der Strecke einiges an der S\u00fcdk\u00fcste gesehen. Zu einer Bucht, in der man auf scharzem Lava Strand baden kann haben wir einen Abstecher gemacht. es Gab verschiedene Aussichtspunkte, an denen man riesige Lava Felder sehen konnte. In Kailua-Kona haben wir dann unser gut [&hellip;]<\/p>\n","protected":false},"author":1,"featured_media":0,"comment_status":"open","ping_status":"open","sticky":false,"template":"","format":"standard","meta":{"ngg_post_thumbnail":0,"_jetpack_memberships_contains_paid_content":false,"footnotes":""},"categories":[1],"tags":[81,73,83,5],"class_list":["post-3174","post","type-post","status-publish","format-standard","hentry","category-allgemein","tag-big-island","tag-hawaii","tag-kona","tag-usa"],"jetpack_featured_media_url":"","jetpack_sharing_enabled":true,"_links":{"self":[{"href":"https:\/\/gothein.de\/reiseblog\/wp-json\/wp\/v2\/posts\/3174","targetHints":{"allow":["GET"]}}],"collection":[{"href":"https:\/\/gothein.de\/reiseblog\/wp-json\/wp\/v2\/posts"}],"about":[{"href":"https:\/\/gothein.de\/reiseblog\/wp-json\/wp\/v2\/types\/post"}],"author":[{"embeddable":true,"href":"https:\/\/gothein.de\/reiseblog\/wp-json\/wp\/v2\/users\/1"}],"replies":[{"embeddable":true,"href":"https:\/\/gothein.de\/reiseblog\/wp-json\/wp\/v2\/comments?post=3174"}],"version-history":[{"count":0,"href":"https:\/\/gothein.de\/reiseblog\/wp-json\/wp\/v2\/posts\/3174\/revisions"}],"wp:attachment":[{"href":"https:\/\/gothein.de\/reiseblog\/wp-json\/wp\/v2\/media?parent=3174"}],"wp:term":[{"taxonomy":"category","embeddable":true,"href":"https:\/\/gothein.de\/reiseblog\/wp-json\/wp\/v2\/categories?post=3174"},{"taxonomy":"post_tag","embeddable":true,"href":"https:\/\/gothein.de\/reiseblog\/wp-json\/wp\/v2\/tags?post=3174"}],"curies":[{"name":"wp","href":"https:\/\/api.w.org\/{rel}","templated":true}]}}