

{"id":3160,"date":"2017-12-16T20:18:03","date_gmt":"2017-12-17T04:18:03","guid":{"rendered":"http:\/\/gothein.de\/reiseblog\/?p=3160"},"modified":"2017-12-18T13:57:41","modified_gmt":"2017-12-18T21:57:41","slug":"big-island-wasserfaelle-und-vulkane","status":"publish","type":"post","link":"https:\/\/gothein.de\/reiseblog\/2017\/12\/16\/big-island-wasserfaelle-und-vulkane\/","title":{"rendered":"Big Island &#8211; Wasserf\u00e4lle und Vulkane"},"content":{"rendered":"<p>Am Freitag dem 15. Dezember 2017 sind wir dann von Honolulu nach Big Island aufgebrochen. Ein Uber Wagen hat uns von unserem Appartemnt direkt zum flughafen chauffiert wo wir aus welchem Grund auch immer eine VIP Sonderbehandlung bekamen und nach Einchecken ohne gro\u00dfe Kontrolle direkt in den Abflugbereich kamen, so dass wir l\u00e4nger auf unseren kurzen Flug nach Hilo warten konnten.<br \/>\n<a href=\"https:\/\/gothein.de\/reiseblog\/wp-content\/uploads\/2017\/12\/20171217_2112201431958583.jpg\"><img loading=\"lazy\" decoding=\"async\" src=\"https:\/\/gothein.de\/reiseblog\/wp-content\/uploads\/2017\/12\/20171217_2112201431958583.jpg\" alt=\"\" class=\"wp-image-3157 alignnone size-full\" width=\"2896\" height=\"2896\" srcset=\"https:\/\/gothein.de\/reiseblog\/wp-content\/uploads\/2017\/12\/20171217_2112201431958583.jpg 2896w, https:\/\/gothein.de\/reiseblog\/wp-content\/uploads\/2017\/12\/20171217_2112201431958583-150x150.jpg 150w, https:\/\/gothein.de\/reiseblog\/wp-content\/uploads\/2017\/12\/20171217_2112201431958583-300x300.jpg 300w, https:\/\/gothein.de\/reiseblog\/wp-content\/uploads\/2017\/12\/20171217_2112201431958583-768x768.jpg 768w, https:\/\/gothein.de\/reiseblog\/wp-content\/uploads\/2017\/12\/20171217_2112201431958583-1024x1024.jpg 1024w, https:\/\/gothein.de\/reiseblog\/wp-content\/uploads\/2017\/12\/20171217_2112201431958583-60x60.jpg 60w\" sizes=\"auto, (max-width: 2896px) 100vw, 2896px\" \/><\/a><\/p>\n<p>Bevor wir unseren ersten Gro\u00dfeinkauf f\u00fcr unser Appartement in Volcan Village get\u00e4tigt hatten sind wir zu zwei Wasserf\u00e4llen, den Akaka Falls und den Rainbow Falls gefahren.<\/p>\n<p><a href=\"https:\/\/gothein.de\/reiseblog\/wp-content\/uploads\/2017\/12\/20171217_211518445575207.jpg\"><img loading=\"lazy\" decoding=\"async\" src=\"https:\/\/gothein.de\/reiseblog\/wp-content\/uploads\/2017\/12\/20171217_211518445575207.jpg\" alt=\"\" class=\"wp-image-3158 alignnone size-full\" width=\"2896\" height=\"2896\" srcset=\"https:\/\/gothein.de\/reiseblog\/wp-content\/uploads\/2017\/12\/20171217_211518445575207.jpg 2896w, https:\/\/gothein.de\/reiseblog\/wp-content\/uploads\/2017\/12\/20171217_211518445575207-150x150.jpg 150w, https:\/\/gothein.de\/reiseblog\/wp-content\/uploads\/2017\/12\/20171217_211518445575207-300x300.jpg 300w, https:\/\/gothein.de\/reiseblog\/wp-content\/uploads\/2017\/12\/20171217_211518445575207-768x768.jpg 768w, https:\/\/gothein.de\/reiseblog\/wp-content\/uploads\/2017\/12\/20171217_211518445575207-1024x1024.jpg 1024w, https:\/\/gothein.de\/reiseblog\/wp-content\/uploads\/2017\/12\/20171217_211518445575207-60x60.jpg 60w\" sizes=\"auto, (max-width: 2896px) 100vw, 2896px\" \/><\/a><\/p>\n<p>Am Abend sind wir dem Hinweis unserer Gastgeberin gefolgt und haben uns den Krater des Vulkans bei Dunkelheit betrachtet, wo neben dem Rauch, der am Tag zu sehen ist, auch das rote Licht der Lava im Krater zu sehen ist. Die Kraterlandschaft liegt auf 1200 Meter ebenso wie unser Appartement und wir bewegen uns im Temperaturbereich so um die 10 Grad. Eigentlich war Frost angesagt, aber am Kraterrand in der Nacht war nur der Wind ein bisschen frisch und die Handschuhe konnten im Rucksack bleiben. Das Appartement war recht k\u00fchl aber es gab Heizdecken, einen nostalgischen Gasofen und Elektroheizungen in den Schlafzimmern. <\/p>\n\n        <div id=\"map_ol3js_1\"\n             class=\"map undefined\"\n             data-map_name=\"undefined\"\n             data-map=\"map_ol3js_1\"\n             style=\"width:100%;\n                    max-width:100%;\n                    height:400px;\n                    display:block;\n                    overflow:hidden;\n                    border:2px solid grey;\">\n          <div id=\"map_ol3js_1_popup\" class=\"ol-popup\">\n            <a href=\"#\" id=\"map_ol3js_1_popup-closer\" class=\"ol-popup-closer\"><\/a>\n            <div id=\"map_ol3js_1_popup-content\"><\/div>\n          <\/div>\n        <\/div>\n    \n\n\t\t\t\t<script type=\"text\/javascript\">\n\t\t\t\t\ttranslations['openlayer'] = \"open layer\";\n\t\t\t\t\ttranslations['openlayerAtStartup'] = \"open layer at startup\";\n\t\t\t\t\ttranslations['generateLink'] = \"Der Link zur Karte mit ausgew\u00e4hlten Overlays und angezeigtem Ausschnitt\";\n\t\t\t\t\ttranslations['shortDescription'] = \"Kurzbeschreibung\";\n\t\t\t\t\ttranslations['generatedShortCode'] = \"to get a text control link paste this code in your wordpress editor\";\n\t\t\t\t\ttranslations['closeLayer'] = \"close layer\";\n\t\t\t\t\ttranslations['cantGenerateLink'] = \"put this string in the existing map short code to control this map\";\n\t\t\t  <\/script>\n\n\n\t\t\t  <script type=\"text\/javascript\">\n\t\t\t  vectorM['map_ol3js_1'] = [];\n\t        \n        var raster = getTileLayer(\"osm\",\"NoKey\");\t\t\t\n\n\t\t\t  var map_ol3js_1 = new ol.Map({\n\t\t\t\tinteractions: ol.interaction.defaults.defaults({mouseWheelZoom:false}),\n\t\t\t\tlayers: [raster],\n\t\t\t\ttarget: \"map_ol3js_1\",\n\t\t\t\tview: new ol.View({\n\t\t\t\t  center: ol.proj.transform([-155.248,19.414], \"EPSG:4326\", \"EPSG:3857\"),\n\t\t\t\t  zoom: 15\n\t\t\t\t})\n\t\t\t  });\n\t\t\t  \n    var style0 = {\n      \"Point\": [new ol.style.Style({\n\n          image: new ol.style.Icon({\n            anchor: [0.5, 41],\n            anchorXUnits: \"fraction\",\n            anchorYUnits: \"pixels\",\n            opacity: 0.75,\n            src: \"https:\/\/gothein.de\/reiseblog\/wp-content\/plugins\/osm\/icons\/mic_blue_pinother_02.png\"\n          })\n      })],\n\n      \"LineString\": [new ol.style.Style({\n        stroke: new ol.style.Stroke({\n          color: \"blue\",\n          width: 8\n        })\n      })],\n      \"MultiLineString\": [new ol.style.Style({\n        stroke: new ol.style.Stroke({\n          color: \"blue\",\n          width: 4\n        })\n      })]\n    };\n\t\t  var vectorL0 = new ol.layer.Vector({\n\t\t\t\tsource: new ol.source.Vector({\n\t\t\t\turl:\"\/reiseblog\/wp-content\/uploads\/gpx\/20171216_Volcano.gpx\",\n\t\t\t\tformat: new ol.format.GPX({\n\t\t\t\t\textractStyles: false\n\t\t\t\t})\n\t\t\t}),\n\t\t\tzIndex: 92,\n\t\t\tstyle: function(feature, resolution) {return style0[feature.getGeometry().getType()];}\n\t\t  });\n\t\t  map_ol3js_1.addLayer(vectorL0);addControls2Map(map_ol3js_1,0,0,3,0,5,6,7,0,1);\nosm_addPopupClickhandler(map_ol3js_1,  \"map_ol3js_1\"); \nosm_addMouseHover(map_ol3js_1); <\/script>\n<p>Am n\u00e4chsten Tag sind wir fr\u00fch raus um verschiedene Wanderungen um und durch die erkalteten Krater zu machen. Dennoch ist der Boden warm, wie bei einer Fu\u00dfbodenheizung.<\/p>\n<p><a href=\"https:\/\/gothein.de\/reiseblog\/wp-content\/uploads\/2017\/12\/20171217_212122-1600x16001985421808.jpg\"><img loading=\"lazy\" decoding=\"async\" src=\"https:\/\/gothein.de\/reiseblog\/wp-content\/uploads\/2017\/12\/20171217_212122-1600x16001985421808.jpg\" alt=\"\" class=\"wp-image-3159 alignnone size-full\" width=\"1600\" height=\"1600\" srcset=\"https:\/\/gothein.de\/reiseblog\/wp-content\/uploads\/2017\/12\/20171217_212122-1600x16001985421808.jpg 1600w, https:\/\/gothein.de\/reiseblog\/wp-content\/uploads\/2017\/12\/20171217_212122-1600x16001985421808-150x150.jpg 150w, https:\/\/gothein.de\/reiseblog\/wp-content\/uploads\/2017\/12\/20171217_212122-1600x16001985421808-300x300.jpg 300w, https:\/\/gothein.de\/reiseblog\/wp-content\/uploads\/2017\/12\/20171217_212122-1600x16001985421808-768x768.jpg 768w, https:\/\/gothein.de\/reiseblog\/wp-content\/uploads\/2017\/12\/20171217_212122-1600x16001985421808-1024x1024.jpg 1024w, https:\/\/gothein.de\/reiseblog\/wp-content\/uploads\/2017\/12\/20171217_212122-1600x16001985421808-60x60.jpg 60w\" sizes=\"auto, (max-width: 1600px) 100vw, 1600px\" \/><\/a><\/p>\n<p>Der Lavastrom, der ins Meer f\u00fchrt hat aktuell gestoppt, so dass nur Rauch zu sehen ist. Wir sind dennoch  ans Meer gefahren und haben die verschiedenen Lava Formationen am Meer gesehen, nahe dem \u00d6rtchen Kalapana, welches 1986 durch flie\u00dfende Lava Massen zerst\u00f6rt wurde. Au\u00dferdem haben wir versteinerte B\u00e4ume in einem State Park mitten in tropischem Regenwald mit unglaublicher Vegetation gesehen, die dadurch entstanden ist, dass d\u00fcnnfl\u00fcssige Lava in das W\u00e4ldchen geflossen war und an an den B\u00e4umen erkaltete.<br \/>\nAbends waren wir in Volcano Village hervorragend thail\u00e4ndisch essen. <\/p>\n","protected":false},"excerpt":{"rendered":"<p>Am Freitag dem 15. Dezember 2017 sind wir dann von Honolulu nach Big Island aufgebrochen. Ein Uber Wagen hat uns von unserem Appartemnt direkt zum flughafen chauffiert wo wir aus welchem Grund auch immer eine VIP Sonderbehandlung bekamen und nach Einchecken ohne gro\u00dfe Kontrolle direkt in den Abflugbereich kamen, so dass wir l\u00e4nger auf unseren [&hellip;]<\/p>\n","protected":false},"author":1,"featured_media":0,"comment_status":"open","ping_status":"open","sticky":false,"template":"","format":"standard","meta":{"ngg_post_thumbnail":0,"_jetpack_memberships_contains_paid_content":false,"footnotes":""},"categories":[1],"tags":[81,73,5,82],"class_list":["post-3160","post","type-post","status-publish","format-standard","hentry","category-allgemein","tag-big-island","tag-hawaii","tag-usa","tag-volcano"],"jetpack_featured_media_url":"","jetpack_sharing_enabled":true,"_links":{"self":[{"href":"https:\/\/gothein.de\/reiseblog\/wp-json\/wp\/v2\/posts\/3160","targetHints":{"allow":["GET"]}}],"collection":[{"href":"https:\/\/gothein.de\/reiseblog\/wp-json\/wp\/v2\/posts"}],"about":[{"href":"https:\/\/gothein.de\/reiseblog\/wp-json\/wp\/v2\/types\/post"}],"author":[{"embeddable":true,"href":"https:\/\/gothein.de\/reiseblog\/wp-json\/wp\/v2\/users\/1"}],"replies":[{"embeddable":true,"href":"https:\/\/gothein.de\/reiseblog\/wp-json\/wp\/v2\/comments?post=3160"}],"version-history":[{"count":0,"href":"https:\/\/gothein.de\/reiseblog\/wp-json\/wp\/v2\/posts\/3160\/revisions"}],"wp:attachment":[{"href":"https:\/\/gothein.de\/reiseblog\/wp-json\/wp\/v2\/media?parent=3160"}],"wp:term":[{"taxonomy":"category","embeddable":true,"href":"https:\/\/gothein.de\/reiseblog\/wp-json\/wp\/v2\/categories?post=3160"},{"taxonomy":"post_tag","embeddable":true,"href":"https:\/\/gothein.de\/reiseblog\/wp-json\/wp\/v2\/tags?post=3160"}],"curies":[{"name":"wp","href":"https:\/\/api.w.org\/{rel}","templated":true}]}}