{"id":2984,"date":"2017-11-19T18:45:07","date_gmt":"2017-11-20T02:45:07","guid":{"rendered":"http:\/\/gothein.de\/reiseblog\/?p=2984"},"modified":"2017-11-19T18:50:42","modified_gmt":"2017-11-20T02:50:42","slug":"von-santa-clara-nach-santa-cruz","status":"publish","type":"post","link":"https:\/\/gothein.de\/reiseblog\/2017\/11\/19\/von-santa-clara-nach-santa-cruz\/","title":{"rendered":"Von Santa Clara nach Santa Cruz\u00a0"},"content":{"rendered":"<p>Zun\u00e4chst habe ich mich heute noch eine ganze Zeit im Hotel aufgehalten, habe an meinem Konzept geschrieben, gelesen und im Hotel ein Sandwich gefr\u00fchst\u00fcckt.<\/p>\n<p>Dann bin ich zu einer vollkommen idiotischen Aktion aufgebrochen. Ich hatte irgendwo gesehen, dass der Mission Peak eine tolle Aussicht \u00fcber die Bucht von San Jos\u00e9 und die anliegenden St\u00e4dte bieten soll. Meinem Google Navigationssystem bin ich dann auch brav gefolgt und landete auf einer Stra\u00dfe, die hoch in die Berge ging und die so eng war, dass zwei Autos nicht&nbsp; aneinander vorbei kamen. H\u00f6chstgeschwindigkeit war zehn Meilen. Oben angekommen, war dann schlicht und ergreifend nichts, es gab da nur Ranches und Viehwiesen, die umz\u00e4unt waren. Man konnte nicht auf die Spitze laufen. Also wieder runter, inklusive abenteuerlicher Man\u00f6ver bei entgegenkommenden Autos. Dann bin ich direkt nach Santa Cruz,&nbsp; habe ein preiswertes Hotel direkt am Pier bekommen und bin da mittags und abends spazieren gegangen. Es gibt viele Seel\u00f6wen am Pier,&nbsp; der etwa einen Kilometer ins Meer hinaus geht. Mein Zimmer im Hotel hat sogar ein bisschen Aussicht auf das Meer.&nbsp;<\/p>\n<p><a href=\"https:\/\/gothein.de\/reiseblog\/wp-content\/uploads\/2017\/11\/20171119_180752-1600x16001608726604.jpg\"><img loading=\"lazy\" decoding=\"async\" src=\"https:\/\/gothein.de\/reiseblog\/wp-content\/uploads\/2017\/11\/20171119_180752-1600x16001608726604.jpg\" alt=\"\" class=\"wp-image-2980 alignnone size-full\" width=\"1600\" height=\"1600\" srcset=\"https:\/\/gothein.de\/reiseblog\/wp-content\/uploads\/2017\/11\/20171119_180752-1600x16001608726604.jpg 1600w, https:\/\/gothein.de\/reiseblog\/wp-content\/uploads\/2017\/11\/20171119_180752-1600x16001608726604-150x150.jpg 150w, https:\/\/gothein.de\/reiseblog\/wp-content\/uploads\/2017\/11\/20171119_180752-1600x16001608726604-300x300.jpg 300w, https:\/\/gothein.de\/reiseblog\/wp-content\/uploads\/2017\/11\/20171119_180752-1600x16001608726604-768x768.jpg 768w, https:\/\/gothein.de\/reiseblog\/wp-content\/uploads\/2017\/11\/20171119_180752-1600x16001608726604-1024x1024.jpg 1024w, https:\/\/gothein.de\/reiseblog\/wp-content\/uploads\/2017\/11\/20171119_180752-1600x16001608726604-60x60.jpg 60w\" sizes=\"auto, (max-width: 1600px) 100vw, 1600px\" \/><\/a><\/p>\n<p>Am Strand wird wieder Volleyball gespielt obwohl die Sonne schon langsam untergeht und ich schon die Jacke angezogen habe, sind einige noch recht leicht bekleidet. Ein paar Kinder waren tats\u00e4chlich im Wasser, obwohl es mit M\u00fche 20 Grad Lufttemperatur hat.<\/p>\n<p><a href=\"https:\/\/gothein.de\/reiseblog\/wp-content\/uploads\/2017\/11\/20171119_181023-1600x16001559441394.jpg\"><img loading=\"lazy\" decoding=\"async\" src=\"https:\/\/gothein.de\/reiseblog\/wp-content\/uploads\/2017\/11\/20171119_181023-1600x16001559441394.jpg\" alt=\"\" class=\"wp-image-2981 alignnone size-full\" width=\"1600\" height=\"1600\" srcset=\"https:\/\/gothein.de\/reiseblog\/wp-content\/uploads\/2017\/11\/20171119_181023-1600x16001559441394.jpg 1600w, https:\/\/gothein.de\/reiseblog\/wp-content\/uploads\/2017\/11\/20171119_181023-1600x16001559441394-150x150.jpg 150w, https:\/\/gothein.de\/reiseblog\/wp-content\/uploads\/2017\/11\/20171119_181023-1600x16001559441394-300x300.jpg 300w, https:\/\/gothein.de\/reiseblog\/wp-content\/uploads\/2017\/11\/20171119_181023-1600x16001559441394-768x768.jpg 768w, https:\/\/gothein.de\/reiseblog\/wp-content\/uploads\/2017\/11\/20171119_181023-1600x16001559441394-1024x1024.jpg 1024w, https:\/\/gothein.de\/reiseblog\/wp-content\/uploads\/2017\/11\/20171119_181023-1600x16001559441394-60x60.jpg 60w\" sizes=\"auto, (max-width: 1600px) 100vw, 1600px\" \/><\/a><\/p>\n<p>Die Strandpromenade besteht hier aus lauter Imbissbuden, vielen Fahrgesch\u00e4ften, Achterbahnen, Karussells, Geisterbahn und so weiter und au\u00dferdem weihnachtet es schon ein bisschen. Es gibt einen Weihnachtsbaum und eine Schlittschuhbahn, allerdings merkt man den Fahrern an, dass Sie mit diesem Sport nicht sehr vertraut sind.<\/p>\n<p><a href=\"https:\/\/gothein.de\/reiseblog\/wp-content\/uploads\/2017\/11\/20171119_180435-1600x16001097595628.jpg\"><img loading=\"lazy\" decoding=\"async\" src=\"https:\/\/gothein.de\/reiseblog\/wp-content\/uploads\/2017\/11\/20171119_180435-1600x16001097595628.jpg\" alt=\"\" class=\"wp-image-2982 alignnone size-full\" width=\"1600\" height=\"1600\" srcset=\"https:\/\/gothein.de\/reiseblog\/wp-content\/uploads\/2017\/11\/20171119_180435-1600x16001097595628.jpg 1600w, https:\/\/gothein.de\/reiseblog\/wp-content\/uploads\/2017\/11\/20171119_180435-1600x16001097595628-150x150.jpg 150w, https:\/\/gothein.de\/reiseblog\/wp-content\/uploads\/2017\/11\/20171119_180435-1600x16001097595628-300x300.jpg 300w, https:\/\/gothein.de\/reiseblog\/wp-content\/uploads\/2017\/11\/20171119_180435-1600x16001097595628-768x768.jpg 768w, https:\/\/gothein.de\/reiseblog\/wp-content\/uploads\/2017\/11\/20171119_180435-1600x16001097595628-1024x1024.jpg 1024w, https:\/\/gothein.de\/reiseblog\/wp-content\/uploads\/2017\/11\/20171119_180435-1600x16001097595628-60x60.jpg 60w\" sizes=\"auto, (max-width: 1600px) 100vw, 1600px\" \/><\/a><\/p>\n<p>An der Promenade wird Salsa getanzt und der Turm des vefallenden Mission Style Geb\u00e4udes erinnert mich an das Plattencover von Hotel California.&nbsp;<\/p>\n<p><a href=\"https:\/\/gothein.de\/reiseblog\/wp-content\/uploads\/2017\/11\/20171119_181214-1600x16001959776643.jpg\"><img loading=\"lazy\" decoding=\"async\" src=\"https:\/\/gothein.de\/reiseblog\/wp-content\/uploads\/2017\/11\/20171119_181214-1600x16001959776643.jpg\" alt=\"\" class=\"wp-image-2983 alignnone size-full\" width=\"1600\" height=\"1600\" srcset=\"https:\/\/gothein.de\/reiseblog\/wp-content\/uploads\/2017\/11\/20171119_181214-1600x16001959776643.jpg 1600w, https:\/\/gothein.de\/reiseblog\/wp-content\/uploads\/2017\/11\/20171119_181214-1600x16001959776643-150x150.jpg 150w, https:\/\/gothein.de\/reiseblog\/wp-content\/uploads\/2017\/11\/20171119_181214-1600x16001959776643-300x300.jpg 300w, https:\/\/gothein.de\/reiseblog\/wp-content\/uploads\/2017\/11\/20171119_181214-1600x16001959776643-768x768.jpg 768w, https:\/\/gothein.de\/reiseblog\/wp-content\/uploads\/2017\/11\/20171119_181214-1600x16001959776643-1024x1024.jpg 1024w, https:\/\/gothein.de\/reiseblog\/wp-content\/uploads\/2017\/11\/20171119_181214-1600x16001959776643-60x60.jpg 60w\" sizes=\"auto, (max-width: 1600px) 100vw, 1600px\" \/><\/a><\/p>\n<p>Im Fischrestaurant Riva auf dem Pier&nbsp;bekomme ich dann einen hervorragenden Lachs in scharfer Orangen-Rosmarin Sauce.<\/p>\n","protected":false},"excerpt":{"rendered":"<p>Zun\u00e4chst habe ich mich heute noch eine ganze Zeit im Hotel aufgehalten, habe an meinem Konzept geschrieben, gelesen und im Hotel ein Sandwich gefr\u00fchst\u00fcckt. Dann bin ich zu einer vollkommen idiotischen Aktion aufgebrochen. Ich hatte irgendwo gesehen, dass der Mission Peak eine tolle Aussicht \u00fcber die Bucht von San Jos\u00e9 und die anliegenden St\u00e4dte bieten [&hellip;]<\/p>\n","protected":false},"author":1,"featured_media":0,"comment_status":"open","ping_status":"open","sticky":false,"template":"","format":"standard","meta":{"ngg_post_thumbnail":0,"_jetpack_memberships_contains_paid_content":false,"footnotes":""},"categories":[1],"tags":[32,69,44,5],"class_list":["post-2984","post","type-post","status-publish","format-standard","hentry","category-allgemein","tag-kalifornien","tag-santa-clara","tag-santa-cruz","tag-usa"],"jetpack_featured_media_url":"","jetpack_sharing_enabled":true,"_links":{"self":[{"href":"https:\/\/gothein.de\/reiseblog\/wp-json\/wp\/v2\/posts\/2984","targetHints":{"allow":["GET"]}}],"collection":[{"href":"https:\/\/gothein.de\/reiseblog\/wp-json\/wp\/v2\/posts"}],"about":[{"href":"https:\/\/gothein.de\/reiseblog\/wp-json\/wp\/v2\/types\/post"}],"author":[{"embeddable":true,"href":"https:\/\/gothein.de\/reiseblog\/wp-json\/wp\/v2\/users\/1"}],"replies":[{"embeddable":true,"href":"https:\/\/gothein.de\/reiseblog\/wp-json\/wp\/v2\/comments?post=2984"}],"version-history":[{"count":0,"href":"https:\/\/gothein.de\/reiseblog\/wp-json\/wp\/v2\/posts\/2984\/revisions"}],"wp:attachment":[{"href":"https:\/\/gothein.de\/reiseblog\/wp-json\/wp\/v2\/media?parent=2984"}],"wp:term":[{"taxonomy":"category","embeddable":true,"href":"https:\/\/gothein.de\/reiseblog\/wp-json\/wp\/v2\/categories?post=2984"},{"taxonomy":"post_tag","embeddable":true,"href":"https:\/\/gothein.de\/reiseblog\/wp-json\/wp\/v2\/tags?post=2984"}],"curies":[{"name":"wp","href":"https:\/\/api.w.org\/{rel}","templated":true}]}}